{"id":951,"date":"2025-09-27T13:44:08","date_gmt":"2025-09-27T13:44:08","guid":{"rendered":"https:\/\/ona.ba\/?p=951"},"modified":"2025-09-28T12:11:31","modified_gmt":"2025-09-28T12:11:31","slug":"forum-zena-s-invaliditetom-u-neumu-nas-prostor-nase-teme-nasa-mreza","status":"publish","type":"post","link":"https:\/\/ona.ba\/index.php\/2025\/09\/27\/forum-zena-s-invaliditetom-u-neumu-nas-prostor-nase-teme-nasa-mreza\/","title":{"rendered":"Forum \u017eena s invaliditetom u Neumu: na\u0161 prostor, na\u0161e teme, na\u0161a mre\u017ea"},"content":{"rendered":"\n<p>Pi\u0161e: Senaida Sarajli\u0107<\/p>\n\n\n\n<p>Foto: Ida Dugali\u0107<\/p>\n\n\n\n<figure class=\"wp-block-gallery has-nested-images columns-default is-cropped wp-block-gallery-1 is-layout-flex wp-block-gallery-is-layout-flex\">\n<figure class=\"wp-block-image size-large\"><img fetchpriority=\"high\" decoding=\"async\" width=\"1024\" height=\"683\" data-id=\"961\" src=\"https:\/\/ona.ba\/wp-content\/uploads\/2025\/09\/Forum-zena_utorak-2-of-63-2-1024x683.jpg\" alt=\"\" class=\"wp-image-961\" srcset=\"https:\/\/ona.ba\/wp-content\/uploads\/2025\/09\/Forum-zena_utorak-2-of-63-2-1024x683.jpg 1024w, https:\/\/ona.ba\/wp-content\/uploads\/2025\/09\/Forum-zena_utorak-2-of-63-2-300x200.jpg 300w, https:\/\/ona.ba\/wp-content\/uploads\/2025\/09\/Forum-zena_utorak-2-of-63-2-768x512.jpg 768w, https:\/\/ona.ba\/wp-content\/uploads\/2025\/09\/Forum-zena_utorak-2-of-63-2-1536x1024.jpg 1536w, https:\/\/ona.ba\/wp-content\/uploads\/2025\/09\/Forum-zena_utorak-2-of-63-2-2048x1365.jpg 2048w\" sizes=\"(max-width: 1024px) 100vw, 1024px\" \/><\/figure>\n<\/figure>\n\n\n\n<p>U Neumu, pod istim nebom i uz isto more okupile smo se iz Sarajeva, Banja Luke, Tuzle, Prijedora, Zenice, Gradi\u0161ke, Bijeljine, Doboja, Maglaja, \u017dep\u010da, Klju\u010da i Mostara. Uz podr\u0161ku Caritasa Bosne i Hercegovine i Informativnog centra za osobe s invaliditetom &#8220;Lotos&#8221;, zaronile smo&#8230; I nije bilo frke, jer se jedna od nas stvarno bavi ronjenjem i ne pita kad je kraj sezone. Jer koga briga, dok po\u010dinje ne\u0161to novo.<\/p>\n\n\n\n<p>A&nbsp;22. septembra 2025.&nbsp;po\u010deo je&nbsp;drugi Forum \u017eena s invaliditetom u BiH. \u010cetiri dana u\u010denja, razmjene iskustava, zabave, smijeha i jo\u0161 mnogo toga va\u017enog. Zapravo, sve je bilo va\u017eno, osim iz kojeg grada dolazimo i kojim putem se vra\u0107amo ku\u0107i.<\/p>\n\n\n\n<p>Kroz&nbsp;Open Space metodologiju same smo birale ciljeve i teme. Niko nam nije govorio o \u010demu da pri\u010damo, jer mi najbolje znamo \u0161ta nam treba i \u0161ta nas pokre\u0107e. Govorile smo o tome kako je biti \u017eena s invaliditetom u zemlji koja \u010desto zaboravi i jedno i drugo, ali i o budu\u0107nosti rada Mre\u017ee \u017eena s invaliditetom, koja djeluje pri Uniji organizacija osoba s invaliditetom u BiH.<\/p>\n\n\n\n<p>I ako nas pitate \u0161ta je ostalo u ponovo zakop\u010danim koferima, re\u0107i \u0107emo mnogo. Ideja, planova i poruka koje nosimo dalje, a najvi\u0161e od svega osje\u0107aja da je ovo bio na\u0161 prostor. Prostor zajedni\u0161tva, \u017eenske solidarnosti i uspjeha.<\/p>\n\n\n\n<p class=\"has-small-font-size\"><\/p>\n\n\n\n<figure class=\"wp-block-gallery has-nested-images columns-default is-cropped wp-block-gallery-2 is-layout-flex wp-block-gallery-is-layout-flex\">\n<figure class=\"wp-block-image size-large\"><img decoding=\"async\" width=\"1024\" height=\"683\" data-id=\"962\" src=\"https:\/\/ona.ba\/wp-content\/uploads\/2025\/09\/Forum-zena-32-of-88-3-1024x683.jpg\" alt=\"\" class=\"wp-image-962\" srcset=\"https:\/\/ona.ba\/wp-content\/uploads\/2025\/09\/Forum-zena-32-of-88-3-1024x683.jpg 1024w, https:\/\/ona.ba\/wp-content\/uploads\/2025\/09\/Forum-zena-32-of-88-3-300x200.jpg 300w, https:\/\/ona.ba\/wp-content\/uploads\/2025\/09\/Forum-zena-32-of-88-3-768x512.jpg 768w, https:\/\/ona.ba\/wp-content\/uploads\/2025\/09\/Forum-zena-32-of-88-3-1536x1024.jpg 1536w, https:\/\/ona.ba\/wp-content\/uploads\/2025\/09\/Forum-zena-32-of-88-3-2048x1365.jpg 2048w\" sizes=\"(max-width: 1024px) 100vw, 1024px\" \/><\/figure>\n<\/figure>\n\n\n\n<p><\/p>\n","protected":false},"excerpt":{"rendered":"<p>Pi\u0161e: Senaida Sarajli\u0107 Foto: Ida Dugali\u0107 U Neumu, pod istim nebom i uz isto more okupile smo se iz Sarajeva, [&hellip;]<\/p>\n","protected":false},"author":3,"featured_media":953,"comment_status":"open","ping_status":"open","sticky":false,"template":"","format":"standard","meta":{"_eb_attr":"","site-sidebar-layout":"default","site-content-layout":"","ast-site-content-layout":"","site-content-style":"default","site-sidebar-style":"default","ast-global-header-display":"","ast-banner-title-visibility":"","ast-main-header-display":"","ast-hfb-above-header-display":"","ast-hfb-below-header-display":"","ast-hfb-mobile-header-display":"","site-post-title":"","ast-breadcrumbs-content":"","ast-featured-img":"","footer-sml-layout":"","theme-transparent-header-meta":"","adv-header-id-meta":"","stick-header-meta":"","header-above-stick-meta":"","header-main-stick-meta":"","header-below-stick-meta":"","astra-migrate-meta-layouts":"default","ast-page-background-enabled":"default","ast-page-background-meta":{"desktop":{"background-color":"var(--ast-global-color-5)","background-image":"","background-repeat":"repeat","background-position":"center center","background-size":"auto","background-attachment":"scroll","background-type":"","background-media":"","overlay-type":"","overlay-color":"","overlay-opacity":"","overlay-gradient":""},"tablet":{"background-color":"","background-image":"","background-repeat":"repeat","background-position":"center center","background-size":"auto","background-attachment":"scroll","background-type":"","background-media":"","overlay-type":"","overlay-color":"","overlay-opacity":"","overlay-gradient":""},"mobile":{"background-color":"","background-image":"","background-repeat":"repeat","background-position":"center center","background-size":"auto","background-attachment":"scroll","background-type":"","background-media":"","overlay-type":"","overlay-color":"","overlay-opacity":"","overlay-gradient":""}},"ast-content-background-meta":{"desktop":{"background-color":"var(--ast-global-color-4)","background-image":"","background-repeat":"repeat","background-position":"center center","background-size":"auto","background-attachment":"scroll","background-type":"","background-media":"","overlay-type":"","overlay-color":"","overlay-opacity":"","overlay-gradient":""},"tablet":{"background-color":"var(--ast-global-color-4)","background-image":"","background-repeat":"repeat","background-position":"center center","background-size":"auto","background-attachment":"scroll","background-type":"","background-media":"","overlay-type":"","overlay-color":"","overlay-opacity":"","overlay-gradient":""},"mobile":{"background-color":"var(--ast-global-color-4)","background-image":"","background-repeat":"repeat","background-position":"center center","background-size":"auto","background-attachment":"scroll","background-type":"","background-media":"","overlay-type":"","overlay-color":"","overlay-opacity":"","overlay-gradient":""}},"footnotes":""},"categories":[1],"tags":[],"class_list":["post-951","post","type-post","status-publish","format-standard","has-post-thumbnail","hentry","category-uncategorized"],"_links":{"self":[{"href":"https:\/\/ona.ba\/index.php\/wp-json\/wp\/v2\/posts\/951","targetHints":{"allow":["GET"]}}],"collection":[{"href":"https:\/\/ona.ba\/index.php\/wp-json\/wp\/v2\/posts"}],"about":[{"href":"https:\/\/ona.ba\/index.php\/wp-json\/wp\/v2\/types\/post"}],"author":[{"embeddable":true,"href":"https:\/\/ona.ba\/index.php\/wp-json\/wp\/v2\/users\/3"}],"replies":[{"embeddable":true,"href":"https:\/\/ona.ba\/index.php\/wp-json\/wp\/v2\/comments?post=951"}],"version-history":[{"count":5,"href":"https:\/\/ona.ba\/index.php\/wp-json\/wp\/v2\/posts\/951\/revisions"}],"predecessor-version":[{"id":969,"href":"https:\/\/ona.ba\/index.php\/wp-json\/wp\/v2\/posts\/951\/revisions\/969"}],"wp:featuredmedia":[{"embeddable":true,"href":"https:\/\/ona.ba\/index.php\/wp-json\/wp\/v2\/media\/953"}],"wp:attachment":[{"href":"https:\/\/ona.ba\/index.php\/wp-json\/wp\/v2\/media?parent=951"}],"wp:term":[{"taxonomy":"category","embeddable":true,"href":"https:\/\/ona.ba\/index.php\/wp-json\/wp\/v2\/categories?post=951"},{"taxonomy":"post_tag","embeddable":true,"href":"https:\/\/ona.ba\/index.php\/wp-json\/wp\/v2\/tags?post=951"}],"curies":[{"name":"wp","href":"https:\/\/api.w.org\/{rel}","templated":true}]}}