{"id":881,"date":"2025-06-24T18:12:50","date_gmt":"2025-06-24T18:12:50","guid":{"rendered":"https:\/\/ona.ba\/?p=881"},"modified":"2025-06-24T18:16:00","modified_gmt":"2025-06-24T18:16:00","slug":"adisa-nas-glas-medu-super-zenama","status":"publish","type":"post","link":"https:\/\/ona.ba\/index.php\/2025\/06\/24\/adisa-nas-glas-medu-super-zenama\/","title":{"rendered":"Adisa \u2013 na\u0161 glas me\u0111u Super \u017eenama!"},"content":{"rendered":"\n<p>Pi\u0161e: Redakcijski tim \u2013 s rado\u0161\u0107u: Senaida Sarajli\u0107 i Dr. sc. Zumreta Galija\u0161evi\u0107 Balukovi\u0107<\/p>\n\n\n\n<p>Foto: Radio Kameleon i Valter Tuzlanski<\/p>\n\n\n\n<figure class=\"wp-block-image size-large\"><img fetchpriority=\"high\" decoding=\"async\" width=\"1024\" height=\"461\" src=\"https:\/\/ona.ba\/wp-content\/uploads\/2025\/06\/viber_image_2025-06-23_08-39-05-382-1-1024x461.jpg\" alt=\"\" class=\"wp-image-886\" srcset=\"https:\/\/ona.ba\/wp-content\/uploads\/2025\/06\/viber_image_2025-06-23_08-39-05-382-1-1024x461.jpg 1024w, https:\/\/ona.ba\/wp-content\/uploads\/2025\/06\/viber_image_2025-06-23_08-39-05-382-1-300x135.jpg 300w, https:\/\/ona.ba\/wp-content\/uploads\/2025\/06\/viber_image_2025-06-23_08-39-05-382-1-768x346.jpg 768w, https:\/\/ona.ba\/wp-content\/uploads\/2025\/06\/viber_image_2025-06-23_08-39-05-382-1-1536x691.jpg 1536w, https:\/\/ona.ba\/wp-content\/uploads\/2025\/06\/viber_image_2025-06-23_08-39-05-382-1.jpg 1600w\" sizes=\"(max-width: 1024px) 100vw, 1024px\" \/><\/figure>\n\n\n\n<p>Neki doga\u0111aji traju du\u017ee od svog zvani\u010dnog programa. Ne po satnici, nego po utisku koji ostave. Festival Savremene \u017eene je jedan od takvih. To nisu samo obi\u010dni ljetni dani, ve\u0107 dani ispunjeni snagom aplauza i \u017eenskog glasa. To je prostor u kojem \u017eene vode glavnu rije\u010d, ali ne zatvaraju vrata. Naprotiv \u2013 ima tu mjesta i za mu\u0161karce koji znaju saslu\u0161ati, uva\u017eiti i podr\u017eati.<\/p>\n\n\n\n<p>Ove godine, me\u0111u odabranim \u017eenama koje su obilje\u017eile festival, jedna nam je posebno bliska \u2013 na\u0161a kolegica Adisa Ki\u0161i\u0107, dobitnica priznanja <em>Super \u017eena<\/em>. Nama u redakciji njena titula nije iznena\u0111enje \u2013 vi\u0161e kao potvrda svega onoga \u0161to ona svakodnevno jeste. Dosljedna, odgovorna, posve\u0107ena i uvijek tu \u2013 za tim, za pri\u010du, za na\u0161e naslove bez slovnih gre\u0161aka.<\/p>\n\n\n\n<p>I onda \u2013 iz kancelarije pravo na binu. Sre\u0107om, mikrofon joj nije stran jer, kao PR u na\u0161oj organizaciji, skoro uvijek ga nosi kao omiljeni detalj. Tako je svoje priznanje posvetila svim djevoj\u010dicama, djevojkama i \u017eenama koje ne odustaju \u2013 bez obzira na to koliko put bio te\u017eak.<\/p>\n\n\n\n<figure class=\"wp-block-image size-large\"><img decoding=\"async\" width=\"1024\" height=\"684\" src=\"https:\/\/ona.ba\/wp-content\/uploads\/2025\/06\/viber_image_2025-06-24_12-29-25-391-4-1024x684.jpg\" alt=\"\" class=\"wp-image-888\" srcset=\"https:\/\/ona.ba\/wp-content\/uploads\/2025\/06\/viber_image_2025-06-24_12-29-25-391-4-1024x684.jpg 1024w, https:\/\/ona.ba\/wp-content\/uploads\/2025\/06\/viber_image_2025-06-24_12-29-25-391-4-300x200.jpg 300w, https:\/\/ona.ba\/wp-content\/uploads\/2025\/06\/viber_image_2025-06-24_12-29-25-391-4-768x513.jpg 768w, https:\/\/ona.ba\/wp-content\/uploads\/2025\/06\/viber_image_2025-06-24_12-29-25-391-4-1536x1025.jpg 1536w, https:\/\/ona.ba\/wp-content\/uploads\/2025\/06\/viber_image_2025-06-24_12-29-25-391-4.jpg 1600w\" sizes=\"(max-width: 1024px) 100vw, 1024px\" \/><\/figure>\n\n\n\n<p>Priznanje <em>Super \u017eena<\/em> ne nosi supermo\u0107i, ali je pozivnica u svijet jednakih \u0161ansi, u kojem svaka \u017eena stoji na istoj strani s drugima \u2013 ravnopravna u svojoj razli\u010ditosti i vrijednosti.<\/p>\n\n\n\n<p>Ako ste propustile ovogodi\u0161nju pri\u010du \u2013 onda bar znate \u0161ta vam je \u010diniti sljede\u0107e godine. Va\u0161e bilje\u0161ke u kalendaru vas \u010dekaju \u2013 ba\u0161 kao \u0161to sfere biznisa, kulture, zdravlja, obrazovanja, novih tehnologija, medija i aktivizma \u010dekaju neke nove ideje i neka nova, va\u0161a lica.<\/p>\n","protected":false},"excerpt":{"rendered":"<p>Pi\u0161e: Redakcijski tim \u2013 s rado\u0161\u0107u: Senaida Sarajli\u0107 i Dr. sc. Zumreta Galija\u0161evi\u0107 Balukovi\u0107 Foto: Radio Kameleon i Valter Tuzlanski [&hellip;]<\/p>\n","protected":false},"author":3,"featured_media":888,"comment_status":"open","ping_status":"open","sticky":false,"template":"","format":"standard","meta":{"_eb_attr":"","site-sidebar-layout":"default","site-content-layout":"","ast-site-content-layout":"","site-content-style":"default","site-sidebar-style":"default","ast-global-header-display":"","ast-banner-title-visibility":"","ast-main-header-display":"","ast-hfb-above-header-display":"","ast-hfb-below-header-display":"","ast-hfb-mobile-header-display":"","site-post-title":"","ast-breadcrumbs-content":"","ast-featured-img":"","footer-sml-layout":"","theme-transparent-header-meta":"","adv-header-id-meta":"","stick-header-meta":"","header-above-stick-meta":"","header-main-stick-meta":"","header-below-stick-meta":"","astra-migrate-meta-layouts":"default","ast-page-background-enabled":"default","ast-page-background-meta":{"desktop":{"background-color":"var(--ast-global-color-5)","background-image":"","background-repeat":"repeat","background-position":"center center","background-size":"auto","background-attachment":"scroll","background-type":"","background-media":"","overlay-type":"","overlay-color":"","overlay-opacity":"","overlay-gradient":""},"tablet":{"background-color":"","background-image":"","background-repeat":"repeat","background-position":"center center","background-size":"auto","background-attachment":"scroll","background-type":"","background-media":"","overlay-type":"","overlay-color":"","overlay-opacity":"","overlay-gradient":""},"mobile":{"background-color":"","background-image":"","background-repeat":"repeat","background-position":"center center","background-size":"auto","background-attachment":"scroll","background-type":"","background-media":"","overlay-type":"","overlay-color":"","overlay-opacity":"","overlay-gradient":""}},"ast-content-background-meta":{"desktop":{"background-color":"var(--ast-global-color-4)","background-image":"","background-repeat":"repeat","background-position":"center center","background-size":"auto","background-attachment":"scroll","background-type":"","background-media":"","overlay-type":"","overlay-color":"","overlay-opacity":"","overlay-gradient":""},"tablet":{"background-color":"var(--ast-global-color-4)","background-image":"","background-repeat":"repeat","background-position":"center center","background-size":"auto","background-attachment":"scroll","background-type":"","background-media":"","overlay-type":"","overlay-color":"","overlay-opacity":"","overlay-gradient":""},"mobile":{"background-color":"var(--ast-global-color-4)","background-image":"","background-repeat":"repeat","background-position":"center center","background-size":"auto","background-attachment":"scroll","background-type":"","background-media":"","overlay-type":"","overlay-color":"","overlay-opacity":"","overlay-gradient":""}},"footnotes":""},"categories":[1],"tags":[],"class_list":["post-881","post","type-post","status-publish","format-standard","has-post-thumbnail","hentry","category-uncategorized"],"_links":{"self":[{"href":"https:\/\/ona.ba\/index.php\/wp-json\/wp\/v2\/posts\/881","targetHints":{"allow":["GET"]}}],"collection":[{"href":"https:\/\/ona.ba\/index.php\/wp-json\/wp\/v2\/posts"}],"about":[{"href":"https:\/\/ona.ba\/index.php\/wp-json\/wp\/v2\/types\/post"}],"author":[{"embeddable":true,"href":"https:\/\/ona.ba\/index.php\/wp-json\/wp\/v2\/users\/3"}],"replies":[{"embeddable":true,"href":"https:\/\/ona.ba\/index.php\/wp-json\/wp\/v2\/comments?post=881"}],"version-history":[{"count":1,"href":"https:\/\/ona.ba\/index.php\/wp-json\/wp\/v2\/posts\/881\/revisions"}],"predecessor-version":[{"id":890,"href":"https:\/\/ona.ba\/index.php\/wp-json\/wp\/v2\/posts\/881\/revisions\/890"}],"wp:featuredmedia":[{"embeddable":true,"href":"https:\/\/ona.ba\/index.php\/wp-json\/wp\/v2\/media\/888"}],"wp:attachment":[{"href":"https:\/\/ona.ba\/index.php\/wp-json\/wp\/v2\/media?parent=881"}],"wp:term":[{"taxonomy":"category","embeddable":true,"href":"https:\/\/ona.ba\/index.php\/wp-json\/wp\/v2\/categories?post=881"},{"taxonomy":"post_tag","embeddable":true,"href":"https:\/\/ona.ba\/index.php\/wp-json\/wp\/v2\/tags?post=881"}],"curies":[{"name":"wp","href":"https:\/\/api.w.org\/{rel}","templated":true}]}}