{"id":859,"date":"2025-06-17T11:23:22","date_gmt":"2025-06-17T11:23:22","guid":{"rendered":"https:\/\/ona.ba\/?p=859"},"modified":"2025-06-17T11:23:23","modified_gmt":"2025-06-17T11:23:23","slug":"tuzla-je-zablistala-kampanja-poznate-uz-poznate-spojila-zene-koje-znaju-sto-hoce","status":"publish","type":"post","link":"https:\/\/ona.ba\/index.php\/2025\/06\/17\/tuzla-je-zablistala-kampanja-poznate-uz-poznate-spojila-zene-koje-znaju-sto-hoce\/","title":{"rendered":"Tuzla je zablistala: Kampanja \u201ePoznate uz poznate\u201c spojila \u017eene koje znaju \u0161to ho\u0107e"},"content":{"rendered":"\n<p>Preuzeto sa: Caritas<\/p>\n\n\n\n<p>Caritas BiH, u okviru projekta DISC, koji financira Europska unija, pokrenuo je kampanju \u201cPoznate uz poznate\u201d, koju provodi Mre\u017ea \u017eena s invaliditetom u BiH pri Uniji organizacija osoba s invaliditetom u BiH.<\/p>\n\n\n\n<figure class=\"wp-block-image size-large\"><img fetchpriority=\"high\" decoding=\"async\" width=\"1024\" height=\"683\" src=\"https:\/\/ona.ba\/wp-content\/uploads\/2025\/06\/Poznate-uz-poznate-Tuzla-10-of-44-1024x683.jpg\" alt=\"\" class=\"wp-image-868\" srcset=\"https:\/\/ona.ba\/wp-content\/uploads\/2025\/06\/Poznate-uz-poznate-Tuzla-10-of-44-1024x683.jpg 1024w, https:\/\/ona.ba\/wp-content\/uploads\/2025\/06\/Poznate-uz-poznate-Tuzla-10-of-44-300x200.jpg 300w, https:\/\/ona.ba\/wp-content\/uploads\/2025\/06\/Poznate-uz-poznate-Tuzla-10-of-44-768x512.jpg 768w, https:\/\/ona.ba\/wp-content\/uploads\/2025\/06\/Poznate-uz-poznate-Tuzla-10-of-44-1536x1024.jpg 1536w, https:\/\/ona.ba\/wp-content\/uploads\/2025\/06\/Poznate-uz-poznate-Tuzla-10-of-44-2048x1365.jpg 2048w\" sizes=\"(max-width: 1024px) 100vw, 1024px\" \/><\/figure>\n\n\n\n<p>U petak, 13. lipnja 2025.godi, u Tuzli je zvani\u010dno zapo\u010dela kampanja \u201cPoznate uz Poznate\u201d. Ulice Tuzle odisale su posebnim ritmom, a gradom su kora\u010dale \u017eene koje znaju, mogu i ho\u0107e \u2013 odlu\u010dne da podijele svoj glas, svoj utjecaj i svoj pogled na svijet.<\/p>\n\n\n\n<p>Nije bila modna revija, ali bilo je stila. Nije bio politi\u010dki skup, ali su padale odluke.<\/p>\n\n\n\n<p>Nije bio talk-show, ali bilo je dijaloga koji se pamti. Zapo\u010dela je kampanja \u201cPoznate uz poznate\u201d, a Tuzla je bila savr\u0161ena prva stanica.<\/p>\n\n\n\n<p>U \u201cdoma\u0107em kutku\u201d IC Lotosa, oko zajedni\u010dkog stola, zapo\u010deo je susret i razgovor o utjecaju i promjenama koje nastaju \u017eenskim tempom \u2013 ne onim stereotipnim nego onim koji se ne da ignorirati. Otprilike tako to radi Mre\u017ea \u017eena s invaliditetom, koja je predstavljena i podr\u017eana kao neizostavni dio novih, zajedni\u010dkih pri\u010da. A zatim \u2013 \u0161etnja gradom, simbol otvorenog prostora za dijalog.<\/p>\n\n\n\n<figure class=\"wp-block-image size-large\"><img decoding=\"async\" width=\"1024\" height=\"683\" src=\"https:\/\/ona.ba\/wp-content\/uploads\/2025\/06\/Poznate-uz-poznate-Tuzla-1-of-44-1024x683.jpg\" alt=\"\" class=\"wp-image-861\" srcset=\"https:\/\/ona.ba\/wp-content\/uploads\/2025\/06\/Poznate-uz-poznate-Tuzla-1-of-44-1024x683.jpg 1024w, https:\/\/ona.ba\/wp-content\/uploads\/2025\/06\/Poznate-uz-poznate-Tuzla-1-of-44-300x200.jpg 300w, https:\/\/ona.ba\/wp-content\/uploads\/2025\/06\/Poznate-uz-poznate-Tuzla-1-of-44-768x512.jpg 768w, https:\/\/ona.ba\/wp-content\/uploads\/2025\/06\/Poznate-uz-poznate-Tuzla-1-of-44-1536x1024.jpg 1536w, https:\/\/ona.ba\/wp-content\/uploads\/2025\/06\/Poznate-uz-poznate-Tuzla-1-of-44-2048x1365.jpg 2048w\" sizes=\"(max-width: 1024px) 100vw, 1024px\" \/><\/figure>\n\n\n\n<p>O \u010demu se radilo? <\/p>\n\n\n\n<p>Kampanja \u201cPoznate uz poznate\u201d okupila je liderice s i bez invaliditeta iz svijeta medija, ekonomije, umjetnosti, psihologije i kulturnih institucija. \u017dene koje svakodnevno oblikuju dru\u0161tvo \u2013 stale su rame uz rame. Nisu razmjenjivale titule \u2013 razmjenjivale su uvide, pitanja i mogu\u0107nosti. Tri para, tri pri\u010de, jedna energija i potpisane poruke.<\/p>\n\n\n\n<p>Amra Avdi\u0107, prepoznatljiv glas radija i festivala \u201eSavremena \u017eena\u201c, i dr. sc. Zumreta Galija\u0161evi\u0107 Balukovi\u0107, ekonomistica, ve\u0107 na prvu su uspostavile zajedni\u010dku \u201cradio-frekvenciju\u201d \u2013 i zapo\u010dela je pri\u010da o ekonomskom razvoju koji ne dolazi sam od sebe, ve\u0107 onda kada se pru\u017ei prilika za inovaciju. Signal postaje jo\u0161 ja\u010di kada se prepoznaju \u017eene, me\u0111u njima i \u017eene s invaliditetom, \u010dija perspektiva mo\u017ee biti i nova i mo\u0107na.<\/p>\n\n\n\n<p>Tako se, ovaj put bez mikrofona, ali ipak glasno, poru\u010dilo:<\/p>\n\n\n\n<p>\u201eZa prostor dru\u0161tvenog i ekonomskog rasta: prepoznaj \u017eene s invaliditetom u medijima i dru\u0161tvenim doga\u0111ajima.\u201c<\/p>\n\n\n\n<p>Jasmina \u010celebi\u0107 &#8211; Tanovi\u0107, dekanesa Akademije dramskih umjetnosti i glumica, i Senaida Sarajli\u0107, psihologinja, sna\u017eno \u2013 \u017eenski \u2013 stisnule su jedna drugoj ruku u znak pozdrava i scena se otvorila \u2013 kao mjesto za izra\u017eavanje unutra\u0161njih svjetova svih \u017eena, gdje stvarala\u0161tvo nosi mo\u0107 da prenese iskustva \u017eena s invaliditetom.<\/p>\n\n\n\n<p>U tom duhu \u2013 kao podsjetnik prije svakog podizanja pozori\u0161ne zavjese \u2013 ostaje misao:<\/p>\n\n\n\n<p>\u201cZa stvarnost bez stereotipa i o\u010dekivanih narativa: Osmisli i o\u017eivi i uloge \u017eena s invaliditetom u dramskoj umjetnosti.\u201d<\/p>\n\n\n\n<p>Sanja Duki\u0107, direktorica Narodne i univerzitetske biblioteke, i Bojana Ljubojevi\u0107, studentica ekonomije i promotorica znakovnog jezika, me\u0111u koricama knjiga prona\u0161le su nit koja, poput stranica, uvezuje razli\u010dite oblike komunikacije.<\/p>\n\n\n\n<p>Bez vi\u0161ka rije\u010di, poruka ne poznaje prepreke ve\u0107 gradi mostove, lako se prevodi na sve jezike:<\/p>\n\n\n\n<p>\u201cZa znanje bez privilegija i komunikaciju bez prepreka: priznaj i uva\u017ei znakovni jezik u svijetu jezika, kulture i identiteta.\u201c<\/p>\n\n\n\n<figure class=\"wp-block-gallery has-nested-images columns-default is-cropped wp-block-gallery-1 is-layout-flex wp-block-gallery-is-layout-flex\">\n<figure class=\"wp-block-image size-large is-resized\"><img decoding=\"async\" width=\"683\" height=\"1024\" data-id=\"865\" src=\"https:\/\/ona.ba\/wp-content\/uploads\/2025\/06\/Poznate-uz-poznate-Tuzla-7-of-44-1-683x1024.jpg\" alt=\"\" class=\"wp-image-865\" style=\"width:181px;height:auto\" srcset=\"https:\/\/ona.ba\/wp-content\/uploads\/2025\/06\/Poznate-uz-poznate-Tuzla-7-of-44-1-683x1024.jpg 683w, https:\/\/ona.ba\/wp-content\/uploads\/2025\/06\/Poznate-uz-poznate-Tuzla-7-of-44-1-200x300.jpg 200w, https:\/\/ona.ba\/wp-content\/uploads\/2025\/06\/Poznate-uz-poznate-Tuzla-7-of-44-1-768x1152.jpg 768w, https:\/\/ona.ba\/wp-content\/uploads\/2025\/06\/Poznate-uz-poznate-Tuzla-7-of-44-1-1024x1536.jpg 1024w, https:\/\/ona.ba\/wp-content\/uploads\/2025\/06\/Poznate-uz-poznate-Tuzla-7-of-44-1-1365x2048.jpg 1365w, https:\/\/ona.ba\/wp-content\/uploads\/2025\/06\/Poznate-uz-poznate-Tuzla-7-of-44-1-scaled.jpg 1707w\" sizes=\"(max-width: 683px) 100vw, 683px\" \/><\/figure>\n\n\n\n<figure class=\"wp-block-image size-large is-resized\"><img loading=\"lazy\" decoding=\"async\" width=\"689\" height=\"1024\" data-id=\"866\" src=\"https:\/\/ona.ba\/wp-content\/uploads\/2025\/06\/Poznate-uz-poznate-Tuzla-17-of-44-1-2-689x1024.jpg\" alt=\"\" class=\"wp-image-866\" style=\"width:183px;height:auto\" srcset=\"https:\/\/ona.ba\/wp-content\/uploads\/2025\/06\/Poznate-uz-poznate-Tuzla-17-of-44-1-2-689x1024.jpg 689w, https:\/\/ona.ba\/wp-content\/uploads\/2025\/06\/Poznate-uz-poznate-Tuzla-17-of-44-1-2-202x300.jpg 202w, https:\/\/ona.ba\/wp-content\/uploads\/2025\/06\/Poznate-uz-poznate-Tuzla-17-of-44-1-2-768x1142.jpg 768w, https:\/\/ona.ba\/wp-content\/uploads\/2025\/06\/Poznate-uz-poznate-Tuzla-17-of-44-1-2-1033x1536.jpg 1033w, https:\/\/ona.ba\/wp-content\/uploads\/2025\/06\/Poznate-uz-poznate-Tuzla-17-of-44-1-2-1377x2048.jpg 1377w, https:\/\/ona.ba\/wp-content\/uploads\/2025\/06\/Poznate-uz-poznate-Tuzla-17-of-44-1-2-scaled.jpg 1722w\" sizes=\"(max-width: 689px) 100vw, 689px\" \/><\/figure>\n\n\n\n<figure class=\"wp-block-image size-large is-resized\"><img loading=\"lazy\" decoding=\"async\" width=\"683\" height=\"1024\" data-id=\"867\" src=\"https:\/\/ona.ba\/wp-content\/uploads\/2025\/06\/Poznate-uz-poznate-Tuzla-16-of-44-683x1024.jpg\" alt=\"\" class=\"wp-image-867\" style=\"width:182px;height:auto\" srcset=\"https:\/\/ona.ba\/wp-content\/uploads\/2025\/06\/Poznate-uz-poznate-Tuzla-16-of-44-683x1024.jpg 683w, https:\/\/ona.ba\/wp-content\/uploads\/2025\/06\/Poznate-uz-poznate-Tuzla-16-of-44-200x300.jpg 200w, https:\/\/ona.ba\/wp-content\/uploads\/2025\/06\/Poznate-uz-poznate-Tuzla-16-of-44-768x1152.jpg 768w, https:\/\/ona.ba\/wp-content\/uploads\/2025\/06\/Poznate-uz-poznate-Tuzla-16-of-44-1024x1536.jpg 1024w, https:\/\/ona.ba\/wp-content\/uploads\/2025\/06\/Poznate-uz-poznate-Tuzla-16-of-44-1366x2048.jpg 1366w, https:\/\/ona.ba\/wp-content\/uploads\/2025\/06\/Poznate-uz-poznate-Tuzla-16-of-44-scaled.jpg 1707w\" sizes=\"(max-width: 683px) 100vw, 683px\" \/><\/figure>\n<\/figure>\n\n\n\n<p><em>Petak za pam\u0107enje<\/em><\/p>\n\n\n\n<p>U hladovini i opu\u0161tenoj atmosferi uz ru\u010dak, bez govornica, ali s govornicama u du\u0161i, padale su konkretne ideje \u2013 kako otvoriti prostor za \u017eene s invaliditetom u oblastima kojima ove liderice svakodnevno doprinose. Razgovaralo se o tome kako otvoriti vrata medijima za sve glasove, kako kulturni prostori mogu postati mjesta susreta, emocije i izra\u017eavanja, o snazi jezika i vidljivosti \u2013 i o tome koliko toga mo\u017eemo posti\u0107i kad udru\u017eimo ideje, iskustva i volju. Izazovi su dijeljeni, a poruke stvarane zajedni\u010dki. Put je otvoren \u2013 za suradnju, za nove susrete i za konkretne promjene.<\/p>\n\n\n\n<p><em>Grad kao kulisa \u017eenske snage<\/em><\/p>\n\n\n\n<p>Fotografije su nastale na lokacijama koje pri\u010daju pri\u010du Tuzle: Kapija, Muzej soli, Slana banja, Velika fontana, mjesto susreta \u201cKod Ismeta i Me\u0161e\u201d \u2013 svaka s posebnom simbolikom. Svaka kao podsjetnik da i grad mo\u017ee biti saveznik.<\/p>\n\n\n\n<p>Na kraju dana, ostala je zajedni\u010dka fotografija \u2013 ne kao uspomena, ve\u0107 kao manifest. Jer poznate uz poznate nisu bile tu da poka\u017eu tko je vi\u0161e \u2013 nego da zajedno poka\u017eu koliko svaka \u017eena vrijedi. I da, najva\u017enije od svega: Kad se \u017eene pove\u017eu \u2013 de\u0161ava se ne\u0161to neodoljivo mo\u0107no.<\/p>\n\n\n\n<figure class=\"wp-block-image size-large\"><img loading=\"lazy\" decoding=\"async\" width=\"1024\" height=\"683\" src=\"https:\/\/ona.ba\/wp-content\/uploads\/2025\/06\/Poznate-uz-poznate-Tuzla-18-of-44-1-1024x683.jpg\" alt=\"\" class=\"wp-image-869\" srcset=\"https:\/\/ona.ba\/wp-content\/uploads\/2025\/06\/Poznate-uz-poznate-Tuzla-18-of-44-1-1024x683.jpg 1024w, https:\/\/ona.ba\/wp-content\/uploads\/2025\/06\/Poznate-uz-poznate-Tuzla-18-of-44-1-300x200.jpg 300w, https:\/\/ona.ba\/wp-content\/uploads\/2025\/06\/Poznate-uz-poznate-Tuzla-18-of-44-1-768x512.jpg 768w, https:\/\/ona.ba\/wp-content\/uploads\/2025\/06\/Poznate-uz-poznate-Tuzla-18-of-44-1-1536x1024.jpg 1536w, https:\/\/ona.ba\/wp-content\/uploads\/2025\/06\/Poznate-uz-poznate-Tuzla-18-of-44-1-2048x1366.jpg 2048w\" sizes=\"(max-width: 1024px) 100vw, 1024px\" \/><\/figure>\n\n\n\n<p><em>Kampanju \u201cPoznate uz poznate\u201d realizira Mre\u017ea \u017eena s invaliditetom pri Uniji organizacija osoba s invaliditetom u BiH, u okviru projekta DISC, koji realizira Caritas BiH uz financijsku potporu Europske unije, Federalnog ministarstva rada i socijalne politike te Caritasa Slovenije. Partneri na projektu su Udruga Vedri osmijeh, Udru\u017eenje slijepih Kantona Sarajevo, Savez slijepih RS i Unija organizacija osoba s invaliditetom u BiH. Projekt traje od 1. velja\u010de 2024. do 31. sije\u010dnja 2027. godine i provodi se na podru\u010dju cijele BiH s ciljem ja\u010danja kapaciteta organizacija osoba s invaliditetom i pobolj\u0161anja njihovog polo\u017eaja u dru\u0161tvu. (caritas.ba)<\/em><\/p>\n","protected":false},"excerpt":{"rendered":"<p>Preuzeto sa: Caritas Caritas BiH, u okviru projekta DISC, koji financira Europska unija, pokrenuo je kampanju \u201cPoznate uz poznate\u201d, koju [&hellip;]<\/p>\n","protected":false},"author":3,"featured_media":869,"comment_status":"open","ping_status":"open","sticky":false,"template":"","format":"standard","meta":{"_eb_attr":"","site-sidebar-layout":"default","site-content-layout":"","ast-site-content-layout":"","site-content-style":"default","site-sidebar-style":"default","ast-global-header-display":"","ast-banner-title-visibility":"","ast-main-header-display":"","ast-hfb-above-header-display":"","ast-hfb-below-header-display":"","ast-hfb-mobile-header-display":"","site-post-title":"","ast-breadcrumbs-content":"","ast-featured-img":"","footer-sml-layout":"","theme-transparent-header-meta":"","adv-header-id-meta":"","stick-header-meta":"","header-above-stick-meta":"","header-main-stick-meta":"","header-below-stick-meta":"","astra-migrate-meta-layouts":"default","ast-page-background-enabled":"default","ast-page-background-meta":{"desktop":{"background-color":"var(--ast-global-color-5)","background-image":"","background-repeat":"repeat","background-position":"center center","background-size":"auto","background-attachment":"scroll","background-type":"","background-media":"","overlay-type":"","overlay-color":"","overlay-opacity":"","overlay-gradient":""},"tablet":{"background-color":"","background-image":"","background-repeat":"repeat","background-position":"center center","background-size":"auto","background-attachment":"scroll","background-type":"","background-media":"","overlay-type":"","overlay-color":"","overlay-opacity":"","overlay-gradient":""},"mobile":{"background-color":"","background-image":"","background-repeat":"repeat","background-position":"center center","background-size":"auto","background-attachment":"scroll","background-type":"","background-media":"","overlay-type":"","overlay-color":"","overlay-opacity":"","overlay-gradient":""}},"ast-content-background-meta":{"desktop":{"background-color":"var(--ast-global-color-4)","background-image":"","background-repeat":"repeat","background-position":"center center","background-size":"auto","background-attachment":"scroll","background-type":"","background-media":"","overlay-type":"","overlay-color":"","overlay-opacity":"","overlay-gradient":""},"tablet":{"background-color":"var(--ast-global-color-4)","background-image":"","background-repeat":"repeat","background-position":"center center","background-size":"auto","background-attachment":"scroll","background-type":"","background-media":"","overlay-type":"","overlay-color":"","overlay-opacity":"","overlay-gradient":""},"mobile":{"background-color":"var(--ast-global-color-4)","background-image":"","background-repeat":"repeat","background-position":"center center","background-size":"auto","background-attachment":"scroll","background-type":"","background-media":"","overlay-type":"","overlay-color":"","overlay-opacity":"","overlay-gradient":""}},"footnotes":""},"categories":[1],"tags":[],"class_list":["post-859","post","type-post","status-publish","format-standard","has-post-thumbnail","hentry","category-uncategorized"],"_links":{"self":[{"href":"https:\/\/ona.ba\/index.php\/wp-json\/wp\/v2\/posts\/859","targetHints":{"allow":["GET"]}}],"collection":[{"href":"https:\/\/ona.ba\/index.php\/wp-json\/wp\/v2\/posts"}],"about":[{"href":"https:\/\/ona.ba\/index.php\/wp-json\/wp\/v2\/types\/post"}],"author":[{"embeddable":true,"href":"https:\/\/ona.ba\/index.php\/wp-json\/wp\/v2\/users\/3"}],"replies":[{"embeddable":true,"href":"https:\/\/ona.ba\/index.php\/wp-json\/wp\/v2\/comments?post=859"}],"version-history":[{"count":1,"href":"https:\/\/ona.ba\/index.php\/wp-json\/wp\/v2\/posts\/859\/revisions"}],"predecessor-version":[{"id":870,"href":"https:\/\/ona.ba\/index.php\/wp-json\/wp\/v2\/posts\/859\/revisions\/870"}],"wp:featuredmedia":[{"embeddable":true,"href":"https:\/\/ona.ba\/index.php\/wp-json\/wp\/v2\/media\/869"}],"wp:attachment":[{"href":"https:\/\/ona.ba\/index.php\/wp-json\/wp\/v2\/media?parent=859"}],"wp:term":[{"taxonomy":"category","embeddable":true,"href":"https:\/\/ona.ba\/index.php\/wp-json\/wp\/v2\/categories?post=859"},{"taxonomy":"post_tag","embeddable":true,"href":"https:\/\/ona.ba\/index.php\/wp-json\/wp\/v2\/tags?post=859"}],"curies":[{"name":"wp","href":"https:\/\/api.w.org\/{rel}","templated":true}]}}