{"id":585,"date":"2025-05-13T09:06:42","date_gmt":"2025-05-13T09:06:42","guid":{"rendered":"https:\/\/ona.ba\/?p=585"},"modified":"2025-05-13T09:06:42","modified_gmt":"2025-05-13T09:06:42","slug":"nejra-imamovic-rodena-s-izazovima-ali-jos-jaca-s-vjerom-u-sebe","status":"publish","type":"post","link":"https:\/\/ona.ba\/index.php\/2025\/05\/13\/nejra-imamovic-rodena-s-izazovima-ali-jos-jaca-s-vjerom-u-sebe\/","title":{"rendered":"Nejra Imamovi\u0107: Ro\u0111ena s izazovima, ali jo\u0161 ja\u010da s vjerom u sebe!"},"content":{"rendered":"<p>Zovem se Nejra Imamovi\u0107. U julu \u0107u napuniti 26 godina, a dolazim iz malog mjesta Poljice, Grad Lukavac. Ro\u0111ena sam s dijagnozom cerebralne paralize, ali i da budem iskrena, to me nije definisalo, ali me oblikovalo. Nau\u010dilo me kako da se borim, kako da vjerujem sebi kad mnogi sumnjaju, i kako da budem glas onih koji ga jo\u0161 tra\u017ee.<\/p>\n<p>Odmalena sam znala da moj put ne\u0107e biti lak, ali nisam tra\u017eila lak\u0161i, tra\u017eila sam pravi. I\u0161la sam korak po korak, kroz osnovnu \u0161kolu u svom mjestu, pa kroz srednju Ekonomsko-hemijsku \u0161kolu u Lukavcu, gdje sam se obrazovala za poslovno-pravnog tehni\u010dara. A danas sam studentica Pravnog fakulteta u Tuzli. Da, upravo prava jer ko bolje zna koliko su va\u017ena, ako ne mi koji se svakodnevno borimo da ih ostvarimo?<\/p>\n<p>Ali nije sve bilo \u0161kola i knjige. Tokom srednjo\u0161kolskih dana, uklju\u010dila sam se u rad organizacije za osobe sa invaliditetom. Taj trenutak je promijenio mnogo toga u meni. Tamo sam prona\u0161la prostor u kojem sam mogla da budem ja, da govorim, da djelujem, da se borim. Postala sam aktivistica i shvatila sam da nisam sama i da moja borba ima smisla.<\/p>\n<p>&nbsp;<\/p>\n<div class=\"wp-block-image\"><img fetchpriority=\"high\" decoding=\"async\" class=\"wpa-warning wpa-image-missing-alt size-medium wp-image-586 alignright\" src=\"https:\/\/ona.ba\/wp-content\/uploads\/2025\/05\/IMG_3344-225x300.jpeg\" alt=\"\" width=\"225\" height=\"300\" data-warning=\"Missing alt text\" srcset=\"https:\/\/ona.ba\/wp-content\/uploads\/2025\/05\/IMG_3344-225x300.jpeg 225w, https:\/\/ona.ba\/wp-content\/uploads\/2025\/05\/IMG_3344.jpeg 720w\" sizes=\"(max-width: 225px) 100vw, 225px\" \/><img decoding=\"async\" class=\"wpa-warning wpa-image-missing-alt size-medium wp-image-587 alignleft\" src=\"https:\/\/ona.ba\/wp-content\/uploads\/2025\/05\/IMG_3347-300x300.jpeg\" alt=\"\" width=\"300\" height=\"300\" data-warning=\"Missing alt text\" srcset=\"https:\/\/ona.ba\/wp-content\/uploads\/2025\/05\/IMG_3347-300x300.jpeg 300w, https:\/\/ona.ba\/wp-content\/uploads\/2025\/05\/IMG_3347-1020x1024.jpeg 1020w, https:\/\/ona.ba\/wp-content\/uploads\/2025\/05\/IMG_3347-150x150.jpeg 150w, https:\/\/ona.ba\/wp-content\/uploads\/2025\/05\/IMG_3347-768x771.jpeg 768w, https:\/\/ona.ba\/wp-content\/uploads\/2025\/05\/IMG_3347.jpeg 1145w\" sizes=\"(max-width: 300px) 100vw, 300px\" \/><\/div>\n<div>\n<p>Kroz aktivizam sam prona\u0161la snagu, ali i sebe. Imala sam priliku da vodim radionicu na temu \u201ePrepoznavanje vlastitog identiteta\u201c, jer upravo to je ono \u0161to nam \u010desto prvo oduzmu: osje\u0107aj da znamo ko smo, \u0161ta mo\u017eemo i \u0161ta zaslu\u017eujemo. Vodila sam i prezentaciju u svojoj srednjoj \u0161koli o va\u017enosti aktivizma i podr\u0161ke osobama sa invaliditetom. Jer ako nas zajednica ne vidi, kako \u0107e nas razumjeti? Ako nas ne saslu\u0161a, kako \u0107e znati koliko vrijedimo?<\/p>\n<p>U\u010destvovala sam na brojnim edukacijama, seminarima i radionicama. U\u010dila sam o zakonima, o pravima koja nam pripadaju, o institucionalnim barijerama, ali i o snazi zajednice kad se ona izgradi na razumijevanju i podr\u0161ci. Nau\u010dila sam da ravnopravnost podrazumijeva svakodnevnu borbu, \u0161koli, na ulici, na fakultetu, u razgovoru s doktorom, na radnom mjestu.<\/p>\n<p>Mo\u017eda je najve\u0107a bitka koju vodimo ona da nas dru\u0161tvo prestane gledati kao \u201eposebne\u201c, \u201eslabe\u201c ili \u201etu\u017ene\u201c. Jer mi nismo ni jedno od toga. Mi smo \u017eene koje ustaju i kad nas lomi bol. Koje u\u010de i kad ih sistem zanemaruje. Koje se smiju \u010dak i onda kad se osje\u0107aju nevidljivo.<\/p>\n<p>I zato danas \u017eelim poslati poruku svim mladim osobama, posebno djevojkama i \u017eenama sa invaliditetom:<\/p>\n<p>Ne slu\u0161ajte one koji vam govore \u0161ta ne mo\u017eete. Slu\u0161ajte sebe. Slu\u0161ajte svoje snove, svoje ambicije, svoje \u017eelje. Vi imate pravo da budete obrazovane, zaljubljene, zaposlene, samostalne, slobodne. Imate pravo da budete sretne.<\/p>\n<p>Ne pristajte na manje.<\/p>\n<p>Na\u0161a invalidnost ne oduzima na\u0161u vrijednost. Na\u0161a borba ne oduzima na\u0161u \u017eenstvenost. Na\u0161a razli\u010ditost ne oduzima na\u0161u snagu.<\/p>\n<p>Mi smo ovdje. I vi\u0161e nismo tihe.<\/p>\n<p>Dru\u0161tvo u kojem \u017eivimo jo\u0161 uvijek ima mnogo koraka da napravi ka istinskoj inkluziji i ravnopravnosti. Nije dovoljno da nas vide, moraju nas \u010duti, razumjeti i uklju\u010diti. Moraju se prilagoditi svi prostori, svi sistemi, sve \u0161kole, fakulteti, radna mjesta, jer mi ne tra\u017eimo privilegije, mi tra\u017eimo jednaka prava.<\/p>\n<p>Promjena ne dolazi sama. Zato je va\u017eno da budemo vidljive, da pri\u010damo svoje pri\u010de, da budemo podr\u0161ka jedna drugoj. Snaga \u017eene sa invaliditetom ne le\u017ei samo u onome \u0161to je pre\u017eivjela, ve\u0107 u onome \u0161to je odlu\u010dila da postane uprkos svemu.<\/p>\n<p>I zato, ako me pitate koji je moj \u017eivotni moto, re\u0107i \u0107u vam:<\/p>\n<p>&#8220;Mo\u017eda mi je put druga\u010diji, ali cilj mi je isti &#8211; da \u017eivim slobodno, dostojanstveno i sretno.&#8221;<\/p>\n<p>Jer ja ne \u017eelim samo da postojim. Ja \u017eelim da \u017eivim punim plu\u0107ima. Da se smijem, da volim, da u\u010dim, da radim, da budem ono \u0161to jesam.<\/p>\n<p>I \u017eelim da svi znaju: \u017eene sa invaliditetom nisu posebne samo zato \u0161to su \u017eive, ve\u0107 zato \u0161to su odlu\u010dile da budu jake u svijetu koji ih \u010desto poku\u0161ava slomiti.<\/p>\n<\/div>\n","protected":false},"excerpt":{"rendered":"<p>Zovem se Nejra Imamovi\u0107. U julu \u0107u napuniti 26 godina, a dolazim iz malog mjesta Poljice, Grad Lukavac. Ro\u0111ena sam [&hellip;]<\/p>\n","protected":false},"author":2,"featured_media":588,"comment_status":"open","ping_status":"open","sticky":false,"template":"","format":"standard","meta":{"_eb_attr":"","site-sidebar-layout":"default","site-content-layout":"","ast-site-content-layout":"","site-content-style":"default","site-sidebar-style":"default","ast-global-header-display":"","ast-banner-title-visibility":"","ast-main-header-display":"","ast-hfb-above-header-display":"","ast-hfb-below-header-display":"","ast-hfb-mobile-header-display":"","site-post-title":"","ast-breadcrumbs-content":"","ast-featured-img":"","footer-sml-layout":"","theme-transparent-header-meta":"","adv-header-id-meta":"","stick-header-meta":"","header-above-stick-meta":"","header-main-stick-meta":"","header-below-stick-meta":"","astra-migrate-meta-layouts":"default","ast-page-background-enabled":"default","ast-page-background-meta":{"desktop":{"background-color":"var(--ast-global-color-5)","background-image":"","background-repeat":"repeat","background-position":"center center","background-size":"auto","background-attachment":"scroll","background-type":"","background-media":"","overlay-type":"","overlay-color":"","overlay-opacity":"","overlay-gradient":""},"tablet":{"background-color":"","background-image":"","background-repeat":"repeat","background-position":"center center","background-size":"auto","background-attachment":"scroll","background-type":"","background-media":"","overlay-type":"","overlay-color":"","overlay-opacity":"","overlay-gradient":""},"mobile":{"background-color":"","background-image":"","background-repeat":"repeat","background-position":"center center","background-size":"auto","background-attachment":"scroll","background-type":"","background-media":"","overlay-type":"","overlay-color":"","overlay-opacity":"","overlay-gradient":""}},"ast-content-background-meta":{"desktop":{"background-color":"var(--ast-global-color-4)","background-image":"","background-repeat":"repeat","background-position":"center center","background-size":"auto","background-attachment":"scroll","background-type":"","background-media":"","overlay-type":"","overlay-color":"","overlay-opacity":"","overlay-gradient":""},"tablet":{"background-color":"var(--ast-global-color-4)","background-image":"","background-repeat":"repeat","background-position":"center center","background-size":"auto","background-attachment":"scroll","background-type":"","background-media":"","overlay-type":"","overlay-color":"","overlay-opacity":"","overlay-gradient":""},"mobile":{"background-color":"var(--ast-global-color-4)","background-image":"","background-repeat":"repeat","background-position":"center center","background-size":"auto","background-attachment":"scroll","background-type":"","background-media":"","overlay-type":"","overlay-color":"","overlay-opacity":"","overlay-gradient":""}},"footnotes":""},"categories":[1],"tags":[],"class_list":["post-585","post","type-post","status-publish","format-standard","has-post-thumbnail","hentry","category-uncategorized"],"_links":{"self":[{"href":"https:\/\/ona.ba\/index.php\/wp-json\/wp\/v2\/posts\/585","targetHints":{"allow":["GET"]}}],"collection":[{"href":"https:\/\/ona.ba\/index.php\/wp-json\/wp\/v2\/posts"}],"about":[{"href":"https:\/\/ona.ba\/index.php\/wp-json\/wp\/v2\/types\/post"}],"author":[{"embeddable":true,"href":"https:\/\/ona.ba\/index.php\/wp-json\/wp\/v2\/users\/2"}],"replies":[{"embeddable":true,"href":"https:\/\/ona.ba\/index.php\/wp-json\/wp\/v2\/comments?post=585"}],"version-history":[{"count":1,"href":"https:\/\/ona.ba\/index.php\/wp-json\/wp\/v2\/posts\/585\/revisions"}],"predecessor-version":[{"id":589,"href":"https:\/\/ona.ba\/index.php\/wp-json\/wp\/v2\/posts\/585\/revisions\/589"}],"wp:featuredmedia":[{"embeddable":true,"href":"https:\/\/ona.ba\/index.php\/wp-json\/wp\/v2\/media\/588"}],"wp:attachment":[{"href":"https:\/\/ona.ba\/index.php\/wp-json\/wp\/v2\/media?parent=585"}],"wp:term":[{"taxonomy":"category","embeddable":true,"href":"https:\/\/ona.ba\/index.php\/wp-json\/wp\/v2\/categories?post=585"},{"taxonomy":"post_tag","embeddable":true,"href":"https:\/\/ona.ba\/index.php\/wp-json\/wp\/v2\/tags?post=585"}],"curies":[{"name":"wp","href":"https:\/\/api.w.org\/{rel}","templated":true}]}}