{"id":410,"date":"2025-02-03T09:55:12","date_gmt":"2025-02-03T09:55:12","guid":{"rendered":"https:\/\/ona.ba\/?p=410"},"modified":"2025-02-05T10:56:20","modified_gmt":"2025-02-05T10:56:20","slug":"budimo-najbolja-verzija-sebe","status":"publish","type":"post","link":"https:\/\/ona.ba\/index.php\/2025\/02\/03\/budimo-najbolja-verzija-sebe\/","title":{"rendered":"Budimo najbolja verzija sebe"},"content":{"rendered":"\r\n<p><strong><em>Kako biste nepoznatoj osobi u najkra\u0107em opisali ko je Zinaida?<\/em><\/strong> <br \/>Ja sam Zinaida Ba\u0161i\u0107, imam 41 godinu i bavim se \u0161ivenjem. U slobodno vrijeme i u skladu sa ostalim obavezama jako volim da se posvetim kuhanju, to me opu\u0161ta. Iako se ve\u0107 26 godina borim sa SMA (spinalna mi\u0161i\u0107na atrofija) i pored svih neda\u0107a koje ona nosi sa sobom, volim \u017eivot i radujem se \u017eivotu&#8230;<\/p>\r\n<p><br \/><strong><em>Kakva sje\u0107anja i slike vas ve\u017eu za djetinjstvo?<\/em><\/strong> <br \/>Obzirom na to da je moja bolest nastupila tek kasnije u \u017eivotu, imala sam bezbri\u017eno djetinstvo. <br \/>Za djetinstvo me ve\u017eu jako lijepe uspomene, i mogu re\u0107i da je to bilo najljep\u0161e doba u mom \u017eivotu. Bili smo sretni i bezbri\u017eni, pomalo i nesta\u0161ni. I danas se nasmijem kad se sjetim svih dogodov\u0161tina i nesta\u0161luka. Npr. jedne smo prilike brali tre\u0161nje kod ljutite kom\u0161inice i ona nas je potjerala pa sam zaradila i\u0161\u010da\u0161en zglob noge. Bilo je to lijepo doba kad nismo imali velike mogu\u0107nosti kao \u0161to je to slu\u010daj danas, ali smo u\u017eivali i znali se radovati svakom novom danu.<\/p>\r\n<p><br \/><strong><em>Mo\u017eete li nam re\u0107i ne\u0161to vi\u0161e o svom iskustvu \u017eivota s invaliditetom i sa kakvim se izazovima suo\u010davate?<\/em><\/strong> <br \/>Ja sam se sa svojom dijagnozom suo\u010dila kao adolescentica. Bilo mi je jako te\u0161ko tako mladoj nositi se sa svim tim izazovima, jer je to osjetljivo doba samo po sebi. Naravno, neizostavna je bila podr\u0161ka porodice i prijatelja, ali jako te\u0161ko neko mo\u017ee razumjeti kroz \u0161ta prolazite u tim momentima. Ono \u0161to je i danas za mene izazov su neadekvatna prilago\u0111enost i personalna asistencija. Za mene kao korisnicu kolica je svaki samostalni izlazak van doma izazov.<\/p>\r\n<p><br \/><strong><em>Kakav je polo\u017eaj \u017eene sa invaliditetom danas, kako se oduprijeti vladaju\u0107im stereotipima?<\/em><\/strong> <br \/>Mentalitet na\u0161eg dru\u0161tva jo\u0161 uvijek degradira \u017eene uop\u0161teno. Generalno, sam polo\u017eaj osoba sa invaliditetom nije na zavidnom nivou, a kada se radi o \u017eenama sa invaliditetom to zna biti dodatno ote\u017eavaju\u0107e. Zato je potrebno raditi na razbijanju predrasuda i osna\u017eivanju \u017eena, \u0161to mi kao Forum kroz projekat \u201cOvdje sam vidljiva i ponosna\u201d radimo ve\u0107 neko vrijeme. Ina\u010de sam u\u010desnica Lotosovog programa koji je posve\u0107en \u017eenama sa invaliditetom. Drago mi je \u0161to sam dio borbe za ravnopravnost i dostojanstvo \u017eena sa invaliditetom i uvijek nastojim doprinijeti stvaranju okru\u017eenja koje \u0107e uva\u017eavati potrebe i prava \u017eena i djevojaka sa invaliditetom u skladu sa ljudskim pravima.<\/p>\r\n<p><br \/><em><strong>Kako ste se uklju\u010dili u aktivizam za prava osoba s invaliditetom? \u0160ta vas je inspirisalo da se anga\u017eujete?<\/strong><\/em> <br \/>To se zapravo desilo na nagovor jedne poznanice koja je ina\u010de vr\u0161ila usluge personalne asistencije u I.C. \u201cLotos\u201d. Sa rado\u0161\u0107u mi je pri\u010dala o radu i de\u0161avanjima u udru\u017eenju te sam se odlu\u010dila pridru\u017eiti. Svi ti zanimljivi ljudi koji prkose bremenu koje im je \u017eivot nametnuo a sa toliko pozitive u sebi i podr\u0161ke koju pru\u017eaju, natjeraju \u010dovjeka da se zapita gdje je bio do sada.<\/p>\r\n<p><br \/><em><strong>Na koje prepreke ste nai\u0161li u svom aktivizmu i kako ste ih prevazi\u0161li?<\/strong><\/em> <br \/>Moja najve\u0107a prepreka je bila i ostala strah od javnog nastupa. \u0160to se ti\u010de, ostalog u zajednicama vlada solidarnost i me\u0111usobna podr\u0161ka, tako da nije te\u0161ko funkcionisati i prevazilaziti prepreke.<\/p>\r\n<p style=\"text-align: center\"><img fetchpriority=\"high\" decoding=\"async\" class=\"wpa-warning wpa-image-missing-alt size-medium wp-image-419 alignleft\" src=\"https:\/\/ona.ba\/wp-content\/uploads\/2025\/02\/465671001_9110239825655600_9002024150167850513_n-201x300.jpg\" alt=\"\" width=\"201\" height=\"300\" data-warning=\"Missing alt text\" srcset=\"https:\/\/ona.ba\/wp-content\/uploads\/2025\/02\/465671001_9110239825655600_9002024150167850513_n-201x300.jpg 201w, https:\/\/ona.ba\/wp-content\/uploads\/2025\/02\/465671001_9110239825655600_9002024150167850513_n-685x1024.jpg 685w, https:\/\/ona.ba\/wp-content\/uploads\/2025\/02\/465671001_9110239825655600_9002024150167850513_n-768x1148.jpg 768w, https:\/\/ona.ba\/wp-content\/uploads\/2025\/02\/465671001_9110239825655600_9002024150167850513_n-1028x1536.jpg 1028w, https:\/\/ona.ba\/wp-content\/uploads\/2025\/02\/465671001_9110239825655600_9002024150167850513_n.jpg 1212w\" sizes=\"(max-width: 201px) 100vw, 201px\" \/><\/p>\r\n<p><br \/><strong><em>Kako mo\u017eemo pobolj\u0161ati inkluziju i pristupa\u010dnost za osobe s invaliditetom u na\u0161em dru\u0161tvu?<\/em><\/strong> <br \/>Na\u017ealost, pora\u017eavaju\u0107e je \u0161to kod nas vlada nezainteresovanost za pomo\u0107 i podr\u0161ku osobama sa invaliditetom. Ko nema direktnog doticaja sa tim osobama njega se to ni ne ti\u010de i to se jasno vidi u dru\u0161tvu. Krenuti treba od toga da se obja\u0161njava redom \u0161ta je inkluzija. Da \u201csa\u017ealjivo\u201d gledanje nije jednako uva\u017eavanje i ravnopravnost. Da se djeci od vrti\u0107a ukazuje na jednakost, te iako je neko po ne\u010demu mo\u017eda druga\u010diji, ima isto pravo i potrebe. Biti ravnopravan \u010dlan dru\u0161tva nije ustupak nego pravo svake osobe.<\/p>\r\n<p><br \/><em><strong>Koje biste savjete dali osobama s invaliditetom koje \u017eele biti aktivni u promjenama u svojoj zajednici, i onima koji se to jo\u0161 uvijek ne usu\u0111uju? Po va\u0161em mi\u0161ljenju, koji je najbolji na\u010din da se mlade osobe sa invaliditetom motivi\u0161u i podstaknu na borbu za promjene i ravnopravnost osoba sa invaliditetom?<\/strong><\/em> <br \/>Da budu vidljive i glasne, jer je njihov glas nezamjenjiv i jedino osobe sa invaliditetom znaju \u0161ta je najbolje za njih. Potrebno je mnogo rada na dru\u0161tvenoj savjesti, a oni svojim anga\u017emanom mogu djelovati s ciljem unapre\u0111enja kvalitete \u017eivota osoba sa invaliditetom. Neka svi mladi sa invaliditetom znaju da se promjene ne\u0107e same od sebe desiti, da mi moramo biti pokreta\u010di ukoliko ne \u017eelimo da nam drugi kroje \u017eivot, da donose odluke umjesto nas i smatraju nas nesposobnima i nevidljivima.<\/p>\r\n<p><br \/><strong><em>Ekonomska nezavisnost kroz pokretanje vlastitog biznisa bio je va\u0161 izbor i veoma ste uspje\u0161ni u va\u0161em poslu. Opi\u0161ite nam kako je tekao taj put?<\/em><\/strong> <br \/>Kada sam se sa 15 god suo\u010dila sa dijagnozom, kada je po\u010dela moja borba sa bole\u0161\u0107u i kada sam digla ruke od svega, \u0161ivenje je bilo ne\u0161to \u0161to me ispunjavalo i okupiralo moje misli i vrijeme. To je oduvijek bio moj hobi, ne\u0161to \u0161to sam voljela raditi jo\u0161 kao dijete. Onda sam dobila na poklon neku ma\u0161inu i od tada je sve krenulo&#8230; Hobi je polako postao posao. To ujedno pru\u017ea priliku da svakodnevno upoznajem neke nove ljude i nadogra\u0111ujem svoje znanje novim izazovima. Jer mnogo je dobar osje\u0107aj kada i pored svih prepreka koje nam \u017eivot nametne uspijemo doprinijeti i u\u010diniti ne\u0161to dobro za sebe i druge. To \u0161to imamo neke prepreke ne zna\u010di da nemamo kapacitete.<\/p>\r\n<p><br \/><strong><em>Gdje vidite sebe u budu\u0107nosti, za nekih 10 godina?<\/em><\/strong> <br \/>Najiskrenije, radovalo bi me da to bude preslikana dana\u0161njica. Nisam neko ko te\u017ei nekim velikim ciljevima. Zdravlje i sre\u0107a najbli\u017eih je ono \u0161to me raduje i to mi je najbitnije. Voljela bih da i za 10 godina budem u stanju raditi ono \u0161to volim.<\/p>\r\n<p><br \/><strong><em>Na\u0111e li se prostora za zabavu i razonodu, kulturni \u017eivot? Kako provodite slobodno vrijeme, \u0161ta vas usre\u0107uje i veseli?<\/em><\/strong> <br \/>S obzirom na okolnosti, uspije se na\u0107i na\u010dina za razonodu, jer pored svih barijera i uz nedostatak personalne asistencije nije nimalo jednostavno. Ja sam pomalo introvertna osoba, pa bi moj izbor \u010de\u0161\u0107e bio mir i u\u017eivanje u prirodi, uz neku knjigu&#8230; ali i odlazak u kino ili dru\u017eenje sa bliskim osobama uvijek dobro do\u0111e.<\/p>\r\n<p><br \/><em><strong>Va\u0161a poruka za kraj?<\/strong><\/em> <br \/>Bez obzira koje pote\u0161ko\u0107e ili invaliditet imali, i sve ono \u0161to nas spre\u010dava da damo svoj puni kapacitet nije mjerilo da ipak ne damo sve od sebe i \u017eivimo svoje snove. Na\u0161u vrijednost ne odre\u0111uje da li je dru\u0161tvo primijetilo, prihvatilo i nagradilo na\u0161e poduhvate i trud. Odre\u0111uje nas sposobnost da budemo razumni, solidarni i svjesni i da na\u0161a uloga u \u017eivotu mo\u017ee da bude dovoljno velika ako nastojimo da budemo najbolja verzija sebe. Sve je va\u017eno i sve se ra\u010duna. Samo pa\u017eljivo i prema sebi i prema drugima.<\/p>\r\n<p>&nbsp;<\/p>\r\n<p><em> Pripremila: Adisa Ki\u0161i\u0107<\/em><br \/><br \/><\/p>\r\n","protected":false},"excerpt":{"rendered":"<p>Kako biste nepoznatoj osobi u najkra\u0107em opisali ko je Zinaida? Ja sam Zinaida Ba\u0161i\u0107, imam 41 godinu i bavim se [&hellip;]<\/p>\n","protected":false},"author":2,"featured_media":422,"comment_status":"open","ping_status":"open","sticky":false,"template":"","format":"standard","meta":{"_eb_attr":"","site-sidebar-layout":"default","site-content-layout":"","ast-site-content-layout":"","site-content-style":"default","site-sidebar-style":"default","ast-global-header-display":"","ast-banner-title-visibility":"","ast-main-header-display":"","ast-hfb-above-header-display":"","ast-hfb-below-header-display":"","ast-hfb-mobile-header-display":"","site-post-title":"","ast-breadcrumbs-content":"","ast-featured-img":"","footer-sml-layout":"","theme-transparent-header-meta":"","adv-header-id-meta":"","stick-header-meta":"","header-above-stick-meta":"","header-main-stick-meta":"","header-below-stick-meta":"","astra-migrate-meta-layouts":"default","ast-page-background-enabled":"default","ast-page-background-meta":{"desktop":{"background-color":"var(--ast-global-color-5)","background-image":"","background-repeat":"repeat","background-position":"center center","background-size":"auto","background-attachment":"scroll","background-type":"","background-media":"","overlay-type":"","overlay-color":"","overlay-opacity":"","overlay-gradient":""},"tablet":{"background-color":"","background-image":"","background-repeat":"repeat","background-position":"center center","background-size":"auto","background-attachment":"scroll","background-type":"","background-media":"","overlay-type":"","overlay-color":"","overlay-opacity":"","overlay-gradient":""},"mobile":{"background-color":"","background-image":"","background-repeat":"repeat","background-position":"center center","background-size":"auto","background-attachment":"scroll","background-type":"","background-media":"","overlay-type":"","overlay-color":"","overlay-opacity":"","overlay-gradient":""}},"ast-content-background-meta":{"desktop":{"background-color":"var(--ast-global-color-4)","background-image":"","background-repeat":"repeat","background-position":"center center","background-size":"auto","background-attachment":"scroll","background-type":"","background-media":"","overlay-type":"","overlay-color":"","overlay-opacity":"","overlay-gradient":""},"tablet":{"background-color":"var(--ast-global-color-4)","background-image":"","background-repeat":"repeat","background-position":"center center","background-size":"auto","background-attachment":"scroll","background-type":"","background-media":"","overlay-type":"","overlay-color":"","overlay-opacity":"","overlay-gradient":""},"mobile":{"background-color":"var(--ast-global-color-4)","background-image":"","background-repeat":"repeat","background-position":"center center","background-size":"auto","background-attachment":"scroll","background-type":"","background-media":"","overlay-type":"","overlay-color":"","overlay-opacity":"","overlay-gradient":""}},"footnotes":""},"categories":[1],"tags":[],"class_list":["post-410","post","type-post","status-publish","format-standard","has-post-thumbnail","hentry","category-uncategorized"],"_links":{"self":[{"href":"https:\/\/ona.ba\/index.php\/wp-json\/wp\/v2\/posts\/410","targetHints":{"allow":["GET"]}}],"collection":[{"href":"https:\/\/ona.ba\/index.php\/wp-json\/wp\/v2\/posts"}],"about":[{"href":"https:\/\/ona.ba\/index.php\/wp-json\/wp\/v2\/types\/post"}],"author":[{"embeddable":true,"href":"https:\/\/ona.ba\/index.php\/wp-json\/wp\/v2\/users\/2"}],"replies":[{"embeddable":true,"href":"https:\/\/ona.ba\/index.php\/wp-json\/wp\/v2\/comments?post=410"}],"version-history":[{"count":3,"href":"https:\/\/ona.ba\/index.php\/wp-json\/wp\/v2\/posts\/410\/revisions"}],"predecessor-version":[{"id":433,"href":"https:\/\/ona.ba\/index.php\/wp-json\/wp\/v2\/posts\/410\/revisions\/433"}],"wp:featuredmedia":[{"embeddable":true,"href":"https:\/\/ona.ba\/index.php\/wp-json\/wp\/v2\/media\/422"}],"wp:attachment":[{"href":"https:\/\/ona.ba\/index.php\/wp-json\/wp\/v2\/media?parent=410"}],"wp:term":[{"taxonomy":"category","embeddable":true,"href":"https:\/\/ona.ba\/index.php\/wp-json\/wp\/v2\/categories?post=410"},{"taxonomy":"post_tag","embeddable":true,"href":"https:\/\/ona.ba\/index.php\/wp-json\/wp\/v2\/tags?post=410"}],"curies":[{"name":"wp","href":"https:\/\/api.w.org\/{rel}","templated":true}]}}