{"id":122,"date":"2024-03-12T10:43:24","date_gmt":"2024-03-12T10:43:24","guid":{"rendered":"https:\/\/ona.ba\/?p=122"},"modified":"2024-03-13T09:37:44","modified_gmt":"2024-03-13T09:37:44","slug":"obiljezavanje-8-marta-protest-da-li-sam-ja-sljedeca","status":"publish","type":"post","link":"https:\/\/ona.ba\/index.php\/2024\/03\/12\/obiljezavanje-8-marta-protest-da-li-sam-ja-sljedeca\/","title":{"rendered":"Obilje\u017eavanje 8. marta, protest: &#8220;Da li sam ja sljede\u0107a?&#8221;"},"content":{"rendered":"<div class=\"xdj266r x11i5rnm xat24cr x1mh8g0r x1vvkbs x126k92a\">\n<div dir=\"auto\">\n<div class=\"xdj266r x11i5rnm xat24cr x1mh8g0r x1vvkbs x126k92a\">\n<div dir=\"auto\">Zajedni\u010dkim skupom u Tuzli su \u017eene sa invaliditetom obilje\u017eile 8. mart i podsjetile na hrabrost i dostignu\u0107a svih \u017eena, ali i poslale jasnu poruku da je nasilje nad \u017eenama neprihvatljivo i da mizoginija i \u0161ovinizam nemaju mjesto u savremenom dru\u0161tvu.<\/div>\n<\/div>\n<div class=\"x11i5rnm xat24cr x1mh8g0r x1vvkbs xtlvy1s x126k92a\">\n<div dir=\"auto\">\n<div dir=\"auto\">Zajedno sa drugim organizacijama koje se bave pravima \u017eena i gra\u0111anima i gra\u0111ankama Grada Tuzla na protestu<\/div>\n<div dir=\"auto\">pod nazivom: &#8220;Da li sam ja sljede\u0107a?&#8221; \u00a0ujedinjeno je poslan glas za borbu protiv nasilja nad \u017eenama, femicida, diskriminacije i neravnopravnosti.<\/div>\n<\/div>\n<\/div>\n<\/div>\n<\/div>\n<div class=\"x11i5rnm xat24cr x1mh8g0r x1vvkbs xtlvy1s x126k92a\">\n<div dir=\"auto\">\n<div dir=\"auto\"><\/div>\n<div dir=\"auto\"><img fetchpriority=\"high\" decoding=\"async\" class=\"wp-image-124 alignleft\" src=\"https:\/\/ona.ba\/wp-content\/uploads\/2024\/03\/430613075_808186184681051_442341910368682581_n-300x200.jpg\" alt=\"\" width=\"433\" height=\"288\" srcset=\"https:\/\/ona.ba\/wp-content\/uploads\/2024\/03\/430613075_808186184681051_442341910368682581_n-300x200.jpg 300w, https:\/\/ona.ba\/wp-content\/uploads\/2024\/03\/430613075_808186184681051_442341910368682581_n-1024x683.jpg 1024w, https:\/\/ona.ba\/wp-content\/uploads\/2024\/03\/430613075_808186184681051_442341910368682581_n-768x512.jpg 768w, https:\/\/ona.ba\/wp-content\/uploads\/2024\/03\/430613075_808186184681051_442341910368682581_n-1536x1024.jpg 1536w, https:\/\/ona.ba\/wp-content\/uploads\/2024\/03\/430613075_808186184681051_442341910368682581_n.jpg 2048w\" sizes=\"(max-width: 433px) 100vw, 433px\" \/><\/div>\n<div dir=\"auto\"><\/div>\n<div dir=\"auto\">Djevoj\u010dice i djevojke sa invaliditetom do\u017eivljavaju sve vrste diskriminacije i ugro\u017eeno im je ostvarivanje ljudskih prava u svim oblastima \u017eivota, a koja su im zagarantovana u Konvenciji UN o pravima osoba sa invaliditetom, \u010dija je Bosna i Hercegovina potpisnica. Me\u0111utim, i pored toga \u0161to ne propisuje nijedno novo pravo u odnosu na ljudska prava generalno, Konvencija se adekvatno ne po\u0161tuje i ne provodi.<\/div>\n<div dir=\"auto\">S gor\u010dinom zbog nedavnih \u0161okantnih slu\u010dajeva femicida, podigle smo glas i podsjetile da su \u017eene sa invaliditetom jo\u0161 vi\u0161e izlo\u017eene nasilju, \u010desto su ekonomski ovisne o svojim zlostavlja\u010dima, te nisu u mogu\u0107nosti da reaguju i tra\u017ee adekvatnu za\u0161titu.<\/div>\n<div dir=\"auto\">\u017dene sa invaliditetom odlu\u010dno pozivaju na solidarnost, uklanjanje prepreka i zajedni\u010dki rad kako bismo stvorili dru\u0161tvo u kojem svaka \u017eena, bez obzira na invaliditet, ima pravo na ravnopravnu participaciju i dostojanstven \u017eivot.<\/div>\n<div dir=\"auto\"><img decoding=\"async\" class=\"wp-image-123 alignleft\" src=\"https:\/\/ona.ba\/wp-content\/uploads\/2024\/03\/430098167_808186378014365_3541884486722543694_n-300x200.jpg\" alt=\"\" width=\"446\" height=\"297\" srcset=\"https:\/\/ona.ba\/wp-content\/uploads\/2024\/03\/430098167_808186378014365_3541884486722543694_n-300x200.jpg 300w, https:\/\/ona.ba\/wp-content\/uploads\/2024\/03\/430098167_808186378014365_3541884486722543694_n-1024x683.jpg 1024w, https:\/\/ona.ba\/wp-content\/uploads\/2024\/03\/430098167_808186378014365_3541884486722543694_n-768x512.jpg 768w, https:\/\/ona.ba\/wp-content\/uploads\/2024\/03\/430098167_808186378014365_3541884486722543694_n-1536x1024.jpg 1536w, https:\/\/ona.ba\/wp-content\/uploads\/2024\/03\/430098167_808186378014365_3541884486722543694_n.jpg 2048w\" sizes=\"(max-width: 446px) 100vw, 446px\" \/><\/div>\n<\/div>\n<\/div>\n","protected":false},"excerpt":{"rendered":"<p>Zajedni\u010dkim skupom u Tuzli su \u017eene sa invaliditetom obilje\u017eile 8. mart i podsjetile na hrabrost i dostignu\u0107a svih \u017eena, ali [&hellip;]<\/p>\n","protected":false},"author":2,"featured_media":124,"comment_status":"open","ping_status":"open","sticky":false,"template":"","format":"standard","meta":{"_eb_attr":"","site-sidebar-layout":"default","site-content-layout":"","ast-site-content-layout":"","site-content-style":"default","site-sidebar-style":"default","ast-global-header-display":"","ast-banner-title-visibility":"","ast-main-header-display":"","ast-hfb-above-header-display":"","ast-hfb-below-header-display":"","ast-hfb-mobile-header-display":"","site-post-title":"","ast-breadcrumbs-content":"","ast-featured-img":"","footer-sml-layout":"","theme-transparent-header-meta":"","adv-header-id-meta":"","stick-header-meta":"","header-above-stick-meta":"","header-main-stick-meta":"","header-below-stick-meta":"","astra-migrate-meta-layouts":"default","ast-page-background-enabled":"default","ast-page-background-meta":{"desktop":{"background-color":"var(--ast-global-color-5)","background-image":"","background-repeat":"repeat","background-position":"center center","background-size":"auto","background-attachment":"scroll","background-type":"","background-media":"","overlay-type":"","overlay-color":"","overlay-opacity":"","overlay-gradient":""},"tablet":{"background-color":"","background-image":"","background-repeat":"repeat","background-position":"center center","background-size":"auto","background-attachment":"scroll","background-type":"","background-media":"","overlay-type":"","overlay-color":"","overlay-opacity":"","overlay-gradient":""},"mobile":{"background-color":"","background-image":"","background-repeat":"repeat","background-position":"center center","background-size":"auto","background-attachment":"scroll","background-type":"","background-media":"","overlay-type":"","overlay-color":"","overlay-opacity":"","overlay-gradient":""}},"ast-content-background-meta":{"desktop":{"background-color":"var(--ast-global-color-4)","background-image":"","background-repeat":"repeat","background-position":"center center","background-size":"auto","background-attachment":"scroll","background-type":"","background-media":"","overlay-type":"","overlay-color":"","overlay-opacity":"","overlay-gradient":""},"tablet":{"background-color":"var(--ast-global-color-4)","background-image":"","background-repeat":"repeat","background-position":"center center","background-size":"auto","background-attachment":"scroll","background-type":"","background-media":"","overlay-type":"","overlay-color":"","overlay-opacity":"","overlay-gradient":""},"mobile":{"background-color":"var(--ast-global-color-4)","background-image":"","background-repeat":"repeat","background-position":"center center","background-size":"auto","background-attachment":"scroll","background-type":"","background-media":"","overlay-type":"","overlay-color":"","overlay-opacity":"","overlay-gradient":""}},"footnotes":""},"categories":[1],"tags":[],"class_list":["post-122","post","type-post","status-publish","format-standard","has-post-thumbnail","hentry","category-uncategorized"],"_links":{"self":[{"href":"https:\/\/ona.ba\/index.php\/wp-json\/wp\/v2\/posts\/122","targetHints":{"allow":["GET"]}}],"collection":[{"href":"https:\/\/ona.ba\/index.php\/wp-json\/wp\/v2\/posts"}],"about":[{"href":"https:\/\/ona.ba\/index.php\/wp-json\/wp\/v2\/types\/post"}],"author":[{"embeddable":true,"href":"https:\/\/ona.ba\/index.php\/wp-json\/wp\/v2\/users\/2"}],"replies":[{"embeddable":true,"href":"https:\/\/ona.ba\/index.php\/wp-json\/wp\/v2\/comments?post=122"}],"version-history":[{"count":1,"href":"https:\/\/ona.ba\/index.php\/wp-json\/wp\/v2\/posts\/122\/revisions"}],"predecessor-version":[{"id":125,"href":"https:\/\/ona.ba\/index.php\/wp-json\/wp\/v2\/posts\/122\/revisions\/125"}],"wp:featuredmedia":[{"embeddable":true,"href":"https:\/\/ona.ba\/index.php\/wp-json\/wp\/v2\/media\/124"}],"wp:attachment":[{"href":"https:\/\/ona.ba\/index.php\/wp-json\/wp\/v2\/media?parent=122"}],"wp:term":[{"taxonomy":"category","embeddable":true,"href":"https:\/\/ona.ba\/index.php\/wp-json\/wp\/v2\/categories?post=122"},{"taxonomy":"post_tag","embeddable":true,"href":"https:\/\/ona.ba\/index.php\/wp-json\/wp\/v2\/tags?post=122"}],"curies":[{"name":"wp","href":"https:\/\/api.w.org\/{rel}","templated":true}]}}