{"id":1105,"date":"2025-12-08T13:58:07","date_gmt":"2025-12-08T13:58:07","guid":{"rendered":"https:\/\/ona.ba\/?p=1105"},"modified":"2025-12-08T14:27:22","modified_gmt":"2025-12-08T14:27:22","slug":"od-nekoga-ko-promjene-ceka-od-drugih-i-sanja-o-njima-do-one-koja-promjene-pravi","status":"publish","type":"post","link":"https:\/\/ona.ba\/index.php\/2025\/12\/08\/od-nekoga-ko-promjene-ceka-od-drugih-i-sanja-o-njima-do-one-koja-promjene-pravi\/","title":{"rendered":"Od nekoga ko promjene \u010deka od drugih i sanja o njima, do one koja promjene pravi"},"content":{"rendered":"\n<p><strong>Dijelimo pri\u010du o li\u010dnoj snazi, o zajednici koja zna prepoznati potrebe svojih gra\u0111ana i o promjeni koju je pokrenula \u017eena koja je prestala \u010dekati da je drugi naprave.<\/strong><\/p>\n\n\n\n<p><strong>Upravo na \u00a0simboli\u010dan datum, Me\u0111unarodni dan osoba s invaliditetom, 3. Decembra 2025. godine, ozvani\u010dena je promjena koju je pokrenula jedna \u017eena iz malog grada, \u017eena koja je od tihe posmatra\u010dice postala glas i pokreta\u010dica boljeg sutra. Njena pri\u010da koju danas dijelimo podsje\u0107a nas da hrabrost \u010desto po\u010dinje malim pomakom, ali mo\u017ee donijeti velike promjene.<\/strong><\/p>\n\n\n\n<p>Pi\u0161e: Selma Plan\u010di\u0107<\/p>\n\n\n\n<p>Ovaj \u010dlanak ne\u0107u po\u010deti od onoga \u0161to je danas i na \u0161ta sam izuzetno ponosna. Po\u010det \u0107u od onoga \u0161to je bilo, kako bih vam bolje pribli\u017eila vrijednost onoga \u0161to sada jeste.<\/p>\n\n\n\n<p>Kao \u017eena sa invaliditetom \u017eivim u jednom malom, toplom gradi\u0107u \u2013 Maglaju. I pola svog \u017eivota bila sam percipirana kao \u201cona slatka djevojka u kolicima\u201d. Prije svega, samu sebe sam valorizovala kroz invaliditet. Fokusirana na ono \u0161to ne mogu, \u017eivot je prolazio pored mene\u2026 A ja sam ga samo mehani\u010dki odra\u0111ivala, od ku\u0107e do \u0161kole. I tada sam osje\u0107ala da to nije moj put, da \u017eelim vi\u0161e i mogu bolje, ali nisam imala snagu da se maknem od onog \u201cona slatka djevojka u kolicima\u201d. Tada sam vidjela stvari koje treba popraviti, ali sam smatrala da su promjene na nekom drugom da ih napravi, a da ja o njima mogu samo sanjati.<\/p>\n\n\n\n<p>Od momenta kada sam otvorila vrata Informativnog centra za osobe sa invaliditetom \u201cLotos\u201d Tuzla, ponovo sam osvijestila ono duboko zakopano \u2013 da sam li\u010dnost, da sam Selma Plan\u010di\u0107, i da je invaliditet samo jedan mali dio mog identiteta. Gledala sam napredak ljudi koji dijele sa mnom iste karte \u017eivota, i zahvaljuju\u0107i brojnim edukacijama i programima osna\u017eivanja, i ja sam dobila krila. Ali najva\u017enije \u2013 dobila sam nazad sebe. Onog trenutka kada sam spoznala da, da bih bila ispunjena i sretna u \u017eivotu, ne moram da se \u201crije\u0161im\u201d invaliditeta, nego da ga prihvatim kao dio \u017eivota. Dio koji me mo\u017ee ograni\u010diti donekle, ali ne i odrediti.<\/p>\n\n\n\n<p>Kako sam osvijestila ko sam zaista, tako sam bila sve bli\u017ee tome da promjene u mjestu u kojem \u017eivim mogu napraviti i ja \u2013 jer se i mene ti\u010du.<\/p>\n\n\n\n<figure class=\"wp-block-image aligncenter size-large is-resized\"><img fetchpriority=\"high\" decoding=\"async\" width=\"577\" height=\"1024\" src=\"https:\/\/ona.ba\/wp-content\/uploads\/2025\/12\/073cd070-3a1c-492e-acc8-0135ec3f5da1-577x1024.jpeg\" alt=\"\" class=\"wp-image-1106\" style=\"aspect-ratio:0.7529411764705882;width:330px;height:auto\" srcset=\"https:\/\/ona.ba\/wp-content\/uploads\/2025\/12\/073cd070-3a1c-492e-acc8-0135ec3f5da1-577x1024.jpeg 577w, https:\/\/ona.ba\/wp-content\/uploads\/2025\/12\/073cd070-3a1c-492e-acc8-0135ec3f5da1-169x300.jpeg 169w, https:\/\/ona.ba\/wp-content\/uploads\/2025\/12\/073cd070-3a1c-492e-acc8-0135ec3f5da1-768x1364.jpeg 768w, https:\/\/ona.ba\/wp-content\/uploads\/2025\/12\/073cd070-3a1c-492e-acc8-0135ec3f5da1-865x1536.jpeg 865w, https:\/\/ona.ba\/wp-content\/uploads\/2025\/12\/073cd070-3a1c-492e-acc8-0135ec3f5da1.jpeg 1153w\" sizes=\"(max-width: 577px) 100vw, 577px\" \/><\/figure>\n\n\n\n<p>Ne volim kada se osobe sa invaliditetom svode samo na zdravstvenu za\u0161titu i nikada to ne \u010dinim, ali realnost jeste da je zdravstvena za\u0161tita va\u017ean dio \u017eivota svakome, pa tako i osobama sa invaliditetom.<\/p>\n\n\n\n<p>U JU Dom zdravlja Maglaj godinama su kori\u0161teni visoki kreveti, pa je generalno pristup zdravstvenim uslugama bio ote\u017ean za sve, ne samo za osobe sa invaliditetom. I sama sam ve\u0107inu pregleda morala obavljati iz kolica. Na kraju, niko u Dom zdravlja ne\u0107e do\u0107i bez zdravstvenih problema, a kada ih imate, najmanje o \u010demu trebate razmi\u0161ljati jeste kako se popeti na pregledni krevet. Znala sam da se to mora promijeniti.<\/p>\n\n\n\n<p>Dana 30. marta 2025. godine podnijela sam slu\u017ebenu molbu, adresiranu na Dom zdravlja i na\u010delnika Op\u0107ine Maglaj. Ve\u0107 sutradan dobila sam poziv iz op\u0107inske slu\u017ebe, gdje je apostrofirana va\u017enost ove inicijative i nagla\u0161eno da je bilo vrijeme da je neko pokrene. Obe\u0107anje je bilo da \u0107e se hidrauli\u010dni kreveti nabaviti. Mjesec dana kasnije stigao je slu\u017ebeni odgovor u kojem je sve \u0161to je re\u010deno u telefonskom razgovoru i slu\u017ebeno potvr\u0111eno.<\/p>\n\n\n\n<p>Dana 9. juna dobila sam informaciju da su \u010detiri hidrauli\u010dna kreveta za Dom zdravlja nabavljena.<\/p>\n\n\n\n<p>Dana 3. septembra pozvana sam da ih pogledam; od tog dana su u upotrebi. \u010cetiri hidrauli\u010dna kreveta za Dom zdravlja, u malom gradi\u0107u kao \u0161to je Maglaj, jedan su veliki iskorak ka pristupa\u010dnosti zdravstvene usluge za sve.<\/p>\n\n\n\n<p>Tog dana razgovarala sam i sa terapeutom na Odjelu fizijatrije, gdje je jedan krevet raspore\u0111en. U tom razgovoru rekao mi je da je do\u0161la jedna starija \u017eena sa slomljenom nogom i velikom povredom ki\u010dme, i da ona sada bez problema pristupa terapiji zahvaljuju\u0107i hidrauli\u010dnom krevetu \u2013 u suprotnom bi to za nju bilo nemogu\u0107e. Zahvalio mi se i rekao da sam uradila veliku stvar, olak\u0161ala posao njima, a \u017eivote mnogih u\u010dinila dostojnijim.<\/p>\n\n\n\n<figure class=\"wp-block-image aligncenter size-full is-resized\"><img decoding=\"async\" width=\"768\" height=\"1024\" src=\"https:\/\/ona.ba\/wp-content\/uploads\/2025\/12\/1806-768x1024-1.jpg\" alt=\"\" class=\"wp-image-1109\" style=\"aspect-ratio:0.7500127936134282;width:310px;height:auto\" srcset=\"https:\/\/ona.ba\/wp-content\/uploads\/2025\/12\/1806-768x1024-1.jpg 768w, https:\/\/ona.ba\/wp-content\/uploads\/2025\/12\/1806-768x1024-1-225x300.jpg 225w\" sizes=\"(max-width: 768px) 100vw, 768px\" \/><\/figure>\n\n\n\n<p>I nije mi va\u017eno da budem zvijezda ove pri\u010de. Ja to svakako ne bih mogla sama. U saradnji s predstavnicima institucija koji \u010duju i voljni su da prave promjene, one su i mogu\u0107e. Jer mi nismo suprotstavljene strane i ne smijemo biti. Kao akteri dru\u0161tva djelujemo zajedno.<\/p>\n\n\n\n<p>Zato posebno hvala na\u010delniku Op\u0107ine Maglaj Maidu Suljakovi\u0107u i direktorici Neiri Nali\u0107-Med\u017ei\u0107 na svijesti o tome da pobolj\u0161anje pristupa\u010dnosti zdravstvene usluge nije pitanje samilosti, nego pitanje ljudskog prava koje pripada svima, pa tako i osobama sa invaliditetom.<\/p>\n\n\n\n<p>Li\u010dno mi mnogo zna\u010di \u010dinjenica da vi\u0161e nijedna osoba, zahvaljuju\u0107i ovoj realizovanoj inicijativi, ne\u0107e morati brinuti o tome kako pristupiti pregledima \u2013 kao \u0161to sam brinula ja. Jer doprinijeti tome da neko drugi putem kojim si ti prolazila pro\u0111e bez trnja, najve\u0107a je satisfakcija.<\/p>\n\n\n\n<p>Ovo je ne\u0161to na \u0161ta \u0107u zauvijek biti ponosna \u2013 trag koji se ne mo\u017ee izbrisati. I jedna pri\u010da, jedan put: od nekoga ko promjene \u010deka od drugih i o njima sanja, do one koja te iste promjene, u saradnji sa drugima, pokre\u0107e.<\/p>\n\n\n\n<p><\/p>\n","protected":false},"excerpt":{"rendered":"<p>Dijelimo pri\u010du o li\u010dnoj snazi, o zajednici koja zna prepoznati potrebe svojih gra\u0111ana i o promjeni koju je pokrenula \u017eena [&hellip;]<\/p>\n","protected":false},"author":2,"featured_media":1108,"comment_status":"open","ping_status":"open","sticky":false,"template":"","format":"standard","meta":{"_eb_attr":"","site-sidebar-layout":"default","site-content-layout":"","ast-site-content-layout":"","site-content-style":"default","site-sidebar-style":"default","ast-global-header-display":"","ast-banner-title-visibility":"","ast-main-header-display":"","ast-hfb-above-header-display":"","ast-hfb-below-header-display":"","ast-hfb-mobile-header-display":"","site-post-title":"","ast-breadcrumbs-content":"","ast-featured-img":"","footer-sml-layout":"","theme-transparent-header-meta":"","adv-header-id-meta":"","stick-header-meta":"","header-above-stick-meta":"","header-main-stick-meta":"","header-below-stick-meta":"","astra-migrate-meta-layouts":"default","ast-page-background-enabled":"default","ast-page-background-meta":{"desktop":{"background-color":"var(--ast-global-color-5)","background-image":"","background-repeat":"repeat","background-position":"center center","background-size":"auto","background-attachment":"scroll","background-type":"","background-media":"","overlay-type":"","overlay-color":"","overlay-opacity":"","overlay-gradient":""},"tablet":{"background-color":"","background-image":"","background-repeat":"repeat","background-position":"center center","background-size":"auto","background-attachment":"scroll","background-type":"","background-media":"","overlay-type":"","overlay-color":"","overlay-opacity":"","overlay-gradient":""},"mobile":{"background-color":"","background-image":"","background-repeat":"repeat","background-position":"center center","background-size":"auto","background-attachment":"scroll","background-type":"","background-media":"","overlay-type":"","overlay-color":"","overlay-opacity":"","overlay-gradient":""}},"ast-content-background-meta":{"desktop":{"background-color":"var(--ast-global-color-4)","background-image":"","background-repeat":"repeat","background-position":"center center","background-size":"auto","background-attachment":"scroll","background-type":"","background-media":"","overlay-type":"","overlay-color":"","overlay-opacity":"","overlay-gradient":""},"tablet":{"background-color":"var(--ast-global-color-4)","background-image":"","background-repeat":"repeat","background-position":"center center","background-size":"auto","background-attachment":"scroll","background-type":"","background-media":"","overlay-type":"","overlay-color":"","overlay-opacity":"","overlay-gradient":""},"mobile":{"background-color":"var(--ast-global-color-4)","background-image":"","background-repeat":"repeat","background-position":"center center","background-size":"auto","background-attachment":"scroll","background-type":"","background-media":"","overlay-type":"","overlay-color":"","overlay-opacity":"","overlay-gradient":""}},"footnotes":""},"categories":[1],"tags":[],"class_list":["post-1105","post","type-post","status-publish","format-standard","has-post-thumbnail","hentry","category-uncategorized"],"_links":{"self":[{"href":"https:\/\/ona.ba\/index.php\/wp-json\/wp\/v2\/posts\/1105","targetHints":{"allow":["GET"]}}],"collection":[{"href":"https:\/\/ona.ba\/index.php\/wp-json\/wp\/v2\/posts"}],"about":[{"href":"https:\/\/ona.ba\/index.php\/wp-json\/wp\/v2\/types\/post"}],"author":[{"embeddable":true,"href":"https:\/\/ona.ba\/index.php\/wp-json\/wp\/v2\/users\/2"}],"replies":[{"embeddable":true,"href":"https:\/\/ona.ba\/index.php\/wp-json\/wp\/v2\/comments?post=1105"}],"version-history":[{"count":3,"href":"https:\/\/ona.ba\/index.php\/wp-json\/wp\/v2\/posts\/1105\/revisions"}],"predecessor-version":[{"id":1130,"href":"https:\/\/ona.ba\/index.php\/wp-json\/wp\/v2\/posts\/1105\/revisions\/1130"}],"wp:featuredmedia":[{"embeddable":true,"href":"https:\/\/ona.ba\/index.php\/wp-json\/wp\/v2\/media\/1108"}],"wp:attachment":[{"href":"https:\/\/ona.ba\/index.php\/wp-json\/wp\/v2\/media?parent=1105"}],"wp:term":[{"taxonomy":"category","embeddable":true,"href":"https:\/\/ona.ba\/index.php\/wp-json\/wp\/v2\/categories?post=1105"},{"taxonomy":"post_tag","embeddable":true,"href":"https:\/\/ona.ba\/index.php\/wp-json\/wp\/v2\/tags?post=1105"}],"curies":[{"name":"wp","href":"https:\/\/api.w.org\/{rel}","templated":true}]}}