{"id":1075,"date":"2025-11-13T11:41:22","date_gmt":"2025-11-13T11:41:22","guid":{"rendered":"https:\/\/ona.ba\/?p=1075"},"modified":"2025-11-13T11:43:40","modified_gmt":"2025-11-13T11:43:40","slug":"zene-s-invaliditetom-u-fokusu-odrzan-sastanak-radne-grupe-za-pracenje-gender-akcionog-plana-grada-tuzla","status":"publish","type":"post","link":"https:\/\/ona.ba\/index.php\/2025\/11\/13\/zene-s-invaliditetom-u-fokusu-odrzan-sastanak-radne-grupe-za-pracenje-gender-akcionog-plana-grada-tuzla\/","title":{"rendered":"\u017dene s invaliditetom u fokusu: Odr\u017ean sastanak Radne grupe za pra\u0107enje Gender akcionog plana Grada Tuzla"},"content":{"rendered":"\n<p>U toploj atmosferi, 12. novembra 2025. godine u Tuzli, odr\u017ean je drugi ovogodi\u0161nji sastanak Radne grupe za pra\u0107enje i realizaciju Gender akcionog plana Grada Tuzla 2024\u20132027.<\/p>\n\n\n\n<p>Sastanak je okupio \u017eene koje, svaka na svoj na\u010din, svakodnevno doprinose ravnopravnijem i pravednijem dru\u0161tvu &#8211; predstavnice institucija, organizacija i Informativnog centra za osobe sa invaliditetom \u201eLotos\u201c Tuzla. Sve ih povezuje zajedni\u010dki cilj: da se ostvari rodna ravnopravnost, unaprijedi polo\u017eaj \u017eena, posebno \u017eena s invaliditetom, i da budu uva\u017eavane u procesima odlu\u010divanja, planiranja i kreiranja politika.<\/p>\n\n\n\n<p>Tokom razgovora, dijelile su se pri\u010de, ideje i iskustva o napretku, izazovima i ohrabruju\u0107im primjerima iz prakse. Poseban fokus bio je na polo\u017eaju \u017eena s invaliditetom, njihovom u\u010de\u0161\u0107u u aktivnostima i procesima koji oblikuju zajednicu.<br>\u201eVa\u017eno je da \u017eene s invaliditetom ne budu samo korisnice programa, ve\u0107 aktivne u\u010desnice i kreatorke promjena,\u201c nagla\u0161eno je tokom diskusije.<\/p>\n\n\n\n<figure class=\"wp-block-image size-large\"><img fetchpriority=\"high\" decoding=\"async\" width=\"1024\" height=\"768\" src=\"https:\/\/ona.ba\/wp-content\/uploads\/2025\/11\/3613-1024x768.jpg\" alt=\"\" class=\"wp-image-1076\" srcset=\"https:\/\/ona.ba\/wp-content\/uploads\/2025\/11\/3613-1024x768.jpg 1024w, https:\/\/ona.ba\/wp-content\/uploads\/2025\/11\/3613-300x225.jpg 300w, https:\/\/ona.ba\/wp-content\/uploads\/2025\/11\/3613-768x576.jpg 768w, https:\/\/ona.ba\/wp-content\/uploads\/2025\/11\/3613-1536x1152.jpg 1536w, https:\/\/ona.ba\/wp-content\/uploads\/2025\/11\/3613-2048x1536.jpg 2048w\" sizes=\"(max-width: 1024px) 100vw, 1024px\" \/><\/figure>\n\n\n\n<p>Predstavnice IC \u201eLotos\u201c Tuzla podsjetile su na aktivnosti koje provode s ciljem ja\u010danja rodne ravnopravnosti i osna\u017eivanja \u017eena s invaliditetom \u2013 kroz edukacije, partnerstva i zagovaranje prava. Njihov rad prepoznat je kao va\u017ean doprinos provedbi GAP-a i primjer kako se lokalne inicijative mogu povezati sa \u0161irim politikama jednakosti.<\/p>\n\n\n\n<p>Razgovaralo se i o rodno odgovornom bud\u017eetiranju kao pristupu koji ne posmatra brojke samo kao statistiku, ve\u0107 kao alat kojim se mo\u017ee graditi pravednije dru\u0161tvo. Ideja je da se kroz planiranje i izdvajanje sredstava osiguraju konkretne mogu\u0107nosti za \u017eene s invaliditetom: prilago\u0111eni prostori, programi zapo\u0161ljavanja, edukacije i podr\u0161ka za aktivno u\u010de\u0161\u0107e u dru\u0161tvu.<\/p>\n\n\n\n<p>Na kraju sastanka dogovoreni su i naredni koraci \u2013 do kraja januara naredne godine \u010dlanice radne grupe dostavit \u0107e izvje\u0161taje o aktivnostima koje doprinose rodnoj ravnopravnosti, a sve informacije o programima i pozivima namijenjenim \u017eenama dijelit \u0107e se putem zajedni\u010dkog kanala, kako nijedna prilika ne bi nepromi\u0161ljeno pro\u0161la mimo onih kojima najvi\u0161e zna\u010di.<\/p>\n\n\n\n<p>Sastanak je organizovao i finansijski podr\u017eao Informativni centar za osobe s invaliditetom \u201eLotos\u201c Tuzla, u okviru projekta <em>\u201eKreiranje politika u Bosni i Hercegovini uz po\u0161tivanje ljudskih prava i prava osoba s invaliditetom\u201c<\/em>, koji podr\u017eava Evropska unija u BiH.<\/p>\n\n\n\n<p>Ovaj susret bio je vi\u0161e od sastanka \u2013 bio je podsjetnik da promjene po\u010dinju kada se \u017eene udru\u017ee, razmijene iskustva i zajedni\u010dki stvaraju prostor u kojem svaka ima priliku da bude vidljiva, aktivna i jednako vrijedna.<\/p>\n","protected":false},"excerpt":{"rendered":"<p>U toploj atmosferi, 12. novembra 2025. godine u Tuzli, odr\u017ean je drugi ovogodi\u0161nji sastanak Radne grupe za pra\u0107enje i realizaciju [&hellip;]<\/p>\n","protected":false},"author":2,"featured_media":1077,"comment_status":"open","ping_status":"open","sticky":false,"template":"","format":"standard","meta":{"_eb_attr":"","site-sidebar-layout":"default","site-content-layout":"","ast-site-content-layout":"","site-content-style":"default","site-sidebar-style":"default","ast-global-header-display":"","ast-banner-title-visibility":"","ast-main-header-display":"","ast-hfb-above-header-display":"","ast-hfb-below-header-display":"","ast-hfb-mobile-header-display":"","site-post-title":"","ast-breadcrumbs-content":"","ast-featured-img":"","footer-sml-layout":"","theme-transparent-header-meta":"","adv-header-id-meta":"","stick-header-meta":"","header-above-stick-meta":"","header-main-stick-meta":"","header-below-stick-meta":"","astra-migrate-meta-layouts":"default","ast-page-background-enabled":"default","ast-page-background-meta":{"desktop":{"background-color":"var(--ast-global-color-5)","background-image":"","background-repeat":"repeat","background-position":"center center","background-size":"auto","background-attachment":"scroll","background-type":"","background-media":"","overlay-type":"","overlay-color":"","overlay-opacity":"","overlay-gradient":""},"tablet":{"background-color":"","background-image":"","background-repeat":"repeat","background-position":"center center","background-size":"auto","background-attachment":"scroll","background-type":"","background-media":"","overlay-type":"","overlay-color":"","overlay-opacity":"","overlay-gradient":""},"mobile":{"background-color":"","background-image":"","background-repeat":"repeat","background-position":"center center","background-size":"auto","background-attachment":"scroll","background-type":"","background-media":"","overlay-type":"","overlay-color":"","overlay-opacity":"","overlay-gradient":""}},"ast-content-background-meta":{"desktop":{"background-color":"var(--ast-global-color-4)","background-image":"","background-repeat":"repeat","background-position":"center center","background-size":"auto","background-attachment":"scroll","background-type":"","background-media":"","overlay-type":"","overlay-color":"","overlay-opacity":"","overlay-gradient":""},"tablet":{"background-color":"var(--ast-global-color-4)","background-image":"","background-repeat":"repeat","background-position":"center center","background-size":"auto","background-attachment":"scroll","background-type":"","background-media":"","overlay-type":"","overlay-color":"","overlay-opacity":"","overlay-gradient":""},"mobile":{"background-color":"var(--ast-global-color-4)","background-image":"","background-repeat":"repeat","background-position":"center center","background-size":"auto","background-attachment":"scroll","background-type":"","background-media":"","overlay-type":"","overlay-color":"","overlay-opacity":"","overlay-gradient":""}},"footnotes":""},"categories":[1],"tags":[],"class_list":["post-1075","post","type-post","status-publish","format-standard","has-post-thumbnail","hentry","category-uncategorized"],"_links":{"self":[{"href":"https:\/\/ona.ba\/index.php\/wp-json\/wp\/v2\/posts\/1075","targetHints":{"allow":["GET"]}}],"collection":[{"href":"https:\/\/ona.ba\/index.php\/wp-json\/wp\/v2\/posts"}],"about":[{"href":"https:\/\/ona.ba\/index.php\/wp-json\/wp\/v2\/types\/post"}],"author":[{"embeddable":true,"href":"https:\/\/ona.ba\/index.php\/wp-json\/wp\/v2\/users\/2"}],"replies":[{"embeddable":true,"href":"https:\/\/ona.ba\/index.php\/wp-json\/wp\/v2\/comments?post=1075"}],"version-history":[{"count":2,"href":"https:\/\/ona.ba\/index.php\/wp-json\/wp\/v2\/posts\/1075\/revisions"}],"predecessor-version":[{"id":1080,"href":"https:\/\/ona.ba\/index.php\/wp-json\/wp\/v2\/posts\/1075\/revisions\/1080"}],"wp:featuredmedia":[{"embeddable":true,"href":"https:\/\/ona.ba\/index.php\/wp-json\/wp\/v2\/media\/1077"}],"wp:attachment":[{"href":"https:\/\/ona.ba\/index.php\/wp-json\/wp\/v2\/media?parent=1075"}],"wp:term":[{"taxonomy":"category","embeddable":true,"href":"https:\/\/ona.ba\/index.php\/wp-json\/wp\/v2\/categories?post=1075"},{"taxonomy":"post_tag","embeddable":true,"href":"https:\/\/ona.ba\/index.php\/wp-json\/wp\/v2\/tags?post=1075"}],"curies":[{"name":"wp","href":"https:\/\/api.w.org\/{rel}","templated":true}]}}