{"id":1029,"date":"2025-11-06T10:51:57","date_gmt":"2025-11-06T10:51:57","guid":{"rendered":"https:\/\/ona.ba\/?p=1029"},"modified":"2026-01-13T12:23:44","modified_gmt":"2026-01-13T12:23:44","slug":"zajedno-za-dostojanstvo-glas-solidarnosti-zena-s-invaliditetom-iz-tuzle","status":"publish","type":"post","link":"https:\/\/ona.ba\/index.php\/2025\/11\/06\/zajedno-za-dostojanstvo-glas-solidarnosti-zena-s-invaliditetom-iz-tuzle\/","title":{"rendered":"Zajedno za dostojanstvo: Glas solidarnosti \u017eena s invaliditetom iz Tuzle"},"content":{"rendered":"\n<p>Tuzla je ovih dana disala jednim srcem. Nekoliko hiljada gra\u0111ana okupilo se kako bi iskazalo solidarnost i podr\u0161ku \u017ertvama te\u0161kog slu\u010daja nasilja nad dvjema maloljetnim djevoj\u010dicama. Me\u0111u okupljenima bile su i \u017eene sa invaliditetom, koje su svojom prisutno\u0161\u0107u i glasom poslale sna\u017enu poruku: nepravda prema jednoj osobi ti\u010de se svih nas.<\/p>\n\n\n\n<p>Protest je zapo\u010deo ispred Doma za djecu bez roditeljskog staranja, a potom su gra\u0111ani mirno pro\u0161li tuzlanskim ulicama, nose\u0107i poruke podr\u0161ke, saosje\u0107anja i zajedni\u0161tva. U pogledu i u svakom ispisanom slovu na transparentima, osje\u0107ala se briga &#8211; za djecu, za \u017eene, za ljude koji su povrije\u0111eni, ali i nada da promjena po\u010dinje kada dru\u0161tvo odlu\u010di ne \u0161utjeti.<\/p>\n\n\n\n<div class=\"wp-block-essential-blocks-advanced-image  root-eb-advanced-image-w7xhc\"><div class=\"eb-parent-wrapper eb-parent-eb-advanced-image-w7xhc \"><figure class=\"eb-advanced-image-wrapper eb-advanced-image-w7xhc img-style-rounded caption-style-1 caption-horizontal-center caption-vertical-bottom bottom no-effect\" data-id=\"eb-advanced-image-w7xhc\"><div class=\"image-wrapper\"><img decoding=\"async\" src=\"https:\/\/ona.ba\/wp-content\/uploads\/2025\/11\/IMG-e3aac9babfba4fcf6603126375b6e13b-V.jpg\" alt=\"\"\/><\/div><\/figure><\/div><\/div>\n\n\n\n<p>Za \u017eene s invaliditetom, ovaj skup nije bio samo \u010din podr\u0161ke \u017ertvama, ve\u0107 i izraz dubokog uvjerenja da svaka borba za pravdu pripada svima nama. Mi, koje svakodnevno \u017eivimo i borimo se za pravo na ravnopravnost, znamo koliko je va\u017eno da se svaki glas \u010duje, posebno onaj koji dolazi iz ti\u0161ine.<\/p>\n\n\n\n<p><em>\u201cDo\u0161le smo da poka\u017eemo da nismo samo posmatra\u010dice, ve\u0107 dio dru\u0161tva koje \u017eeli biti bolje. Na\u0161a podr\u0161ka dolazi iz srca, jer znamo koliko boli kad sistem zaka\u017ee, ali i koliko zna\u010di kada ljudi stanu jedni uz druge,\u201d <\/em>rekla je jedna od na\u0161ih \u010dlanica.<\/p>\n\n\n\n<div class=\"wp-block-essential-blocks-advanced-image  root-eb-advanced-image-2c77e\"><div class=\"eb-parent-wrapper eb-parent-eb-advanced-image-2c77e \"><figure class=\"eb-advanced-image-wrapper eb-advanced-image-2c77e img-style-rounded caption-style-1 caption-horizontal-center caption-vertical-bottom bottom no-effect\" data-id=\"eb-advanced-image-2c77e\"><div class=\"image-wrapper\"><img decoding=\"async\" src=\"https:\/\/ona.ba\/wp-content\/uploads\/2025\/11\/IMG-48e0e21c1dfb99902321a88ccb1dce24-V.jpg\" alt=\"\"\/><\/div><\/figure><\/div><\/div>\n\n\n\n<p>U svom radu i svakodnevnim aktivnostima, mi kao \u017eene s invaliditetom uvijek se zala\u017eemo za inkluziju, po\u0161tovanje i ljudsko dostojanstvo. Vjerujemo u dru\u0161tvo u kojem niko nije zaboravljen &#8211; ni dijete, ni \u017eena, ni osoba s invaliditetom, ni bilo ko ko se suo\u010dava s nepravdom.<br>Na\u0161a misija je da budemo dio svih dru\u0161tvenih tokova, da doprinosimo promjenama i da svojim primjerom poka\u017eemo koliko je svaka osoba va\u017ena za cjelinu kojoj pripadamo.<\/p>\n\n\n\n<p>Protest u Tuzli pokazao je da zajedni\u0161tvo ima snagu da premosti razlike. U trenucima kada nas boli nepravda, ljudi su pokazali da solidarnost, saosje\u0107anje i hrabrost mogu biti temelj na kojem gradimo pravednije dru\u0161tvo.<\/p>\n\n\n\n<p><em>\u201cNa\u0161a borba nije samo na\u0161a. To je borba za sve koji \u017eele \u017eivjeti u svijetu u kojem se djeca ne boje, \u017eene su sigurne, a razli\u010ditost se po\u0161tuje. Borba za ljudska prava je borba za toplinu, razumijevanje i dostojanstvo svakog bi\u0107a.\u201d<\/em><\/p>\n\n\n\n<p>Ovaj dan u Tuzli ostat \u0107e zapam\u0107en ne samo po ogor\u010denju, ve\u0107 po zajedni\u0161tvu. Po rukama koje su se dr\u017eale, pogledima koji su se razumjeli i porukama koje su odzvanjale srcima: pravda, empatija i ljudskost &#8211; to je snaga koja nas povezuje.<\/p>\n\n\n\n<p><\/p>\n","protected":false},"excerpt":{"rendered":"<p>Tuzla je ovih dana disala jednim srcem. Nekoliko hiljada gra\u0111ana okupilo se kako bi iskazalo solidarnost i podr\u0161ku \u017ertvama te\u0161kog [&hellip;]<\/p>\n","protected":false},"author":2,"featured_media":1032,"comment_status":"open","ping_status":"open","sticky":false,"template":"","format":"standard","meta":{"_eb_attr":"","site-sidebar-layout":"default","site-content-layout":"","ast-site-content-layout":"","site-content-style":"default","site-sidebar-style":"default","ast-global-header-display":"","ast-banner-title-visibility":"","ast-main-header-display":"","ast-hfb-above-header-display":"","ast-hfb-below-header-display":"","ast-hfb-mobile-header-display":"","site-post-title":"","ast-breadcrumbs-content":"","ast-featured-img":"","footer-sml-layout":"","theme-transparent-header-meta":"","adv-header-id-meta":"","stick-header-meta":"","header-above-stick-meta":"","header-main-stick-meta":"","header-below-stick-meta":"","astra-migrate-meta-layouts":"default","ast-page-background-enabled":"default","ast-page-background-meta":{"desktop":{"background-color":"var(--ast-global-color-5)","background-image":"","background-repeat":"repeat","background-position":"center center","background-size":"auto","background-attachment":"scroll","background-type":"","background-media":"","overlay-type":"","overlay-color":"","overlay-opacity":"","overlay-gradient":""},"tablet":{"background-color":"","background-image":"","background-repeat":"repeat","background-position":"center center","background-size":"auto","background-attachment":"scroll","background-type":"","background-media":"","overlay-type":"","overlay-color":"","overlay-opacity":"","overlay-gradient":""},"mobile":{"background-color":"","background-image":"","background-repeat":"repeat","background-position":"center center","background-size":"auto","background-attachment":"scroll","background-type":"","background-media":"","overlay-type":"","overlay-color":"","overlay-opacity":"","overlay-gradient":""}},"ast-content-background-meta":{"desktop":{"background-color":"var(--ast-global-color-4)","background-image":"","background-repeat":"repeat","background-position":"center center","background-size":"auto","background-attachment":"scroll","background-type":"","background-media":"","overlay-type":"","overlay-color":"","overlay-opacity":"","overlay-gradient":""},"tablet":{"background-color":"var(--ast-global-color-4)","background-image":"","background-repeat":"repeat","background-position":"center center","background-size":"auto","background-attachment":"scroll","background-type":"","background-media":"","overlay-type":"","overlay-color":"","overlay-opacity":"","overlay-gradient":""},"mobile":{"background-color":"var(--ast-global-color-4)","background-image":"","background-repeat":"repeat","background-position":"center center","background-size":"auto","background-attachment":"scroll","background-type":"","background-media":"","overlay-type":"","overlay-color":"","overlay-opacity":"","overlay-gradient":""}},"footnotes":""},"categories":[1],"tags":[],"class_list":["post-1029","post","type-post","status-publish","format-standard","has-post-thumbnail","hentry","category-uncategorized"],"_links":{"self":[{"href":"https:\/\/ona.ba\/index.php\/wp-json\/wp\/v2\/posts\/1029","targetHints":{"allow":["GET"]}}],"collection":[{"href":"https:\/\/ona.ba\/index.php\/wp-json\/wp\/v2\/posts"}],"about":[{"href":"https:\/\/ona.ba\/index.php\/wp-json\/wp\/v2\/types\/post"}],"author":[{"embeddable":true,"href":"https:\/\/ona.ba\/index.php\/wp-json\/wp\/v2\/users\/2"}],"replies":[{"embeddable":true,"href":"https:\/\/ona.ba\/index.php\/wp-json\/wp\/v2\/comments?post=1029"}],"version-history":[{"count":2,"href":"https:\/\/ona.ba\/index.php\/wp-json\/wp\/v2\/posts\/1029\/revisions"}],"predecessor-version":[{"id":1036,"href":"https:\/\/ona.ba\/index.php\/wp-json\/wp\/v2\/posts\/1029\/revisions\/1036"}],"wp:featuredmedia":[{"embeddable":true,"href":"https:\/\/ona.ba\/index.php\/wp-json\/wp\/v2\/media\/1032"}],"wp:attachment":[{"href":"https:\/\/ona.ba\/index.php\/wp-json\/wp\/v2\/media?parent=1029"}],"wp:term":[{"taxonomy":"category","embeddable":true,"href":"https:\/\/ona.ba\/index.php\/wp-json\/wp\/v2\/categories?post=1029"},{"taxonomy":"post_tag","embeddable":true,"href":"https:\/\/ona.ba\/index.php\/wp-json\/wp\/v2\/tags?post=1029"}],"curies":[{"name":"wp","href":"https:\/\/api.w.org\/{rel}","templated":true}]}}