{"id":1021,"date":"2025-11-05T10:57:00","date_gmt":"2025-11-05T10:57:00","guid":{"rendered":"https:\/\/ona.ba\/?p=1021"},"modified":"2025-11-05T10:57:02","modified_gmt":"2025-11-05T10:57:02","slug":"inicijativa-zena-sa-invaliditetom-u-zenici","status":"publish","type":"post","link":"https:\/\/ona.ba\/index.php\/2025\/11\/05\/inicijativa-zena-sa-invaliditetom-u-zenici\/","title":{"rendered":"Inicijativa \u017eena sa invaliditetom u Zenici"},"content":{"rendered":"\n<p>U Zenici je odr\u017eana edukacija koja je spojila hrabre \u017eene, stru\u010dnjakinje i aktivistkinje, s ciljem da podignu svijest o pravima \u017eena s invaliditetom i osna\u017ee ih da se bore za svoja prava. Ova edukacija, organizovana uz podr\u0161ku Mre\u017ee \u017eena s invaliditetom BiH, bila je mnogo vi\u0161e od informativne radionice. Bilo je to mjesto osna\u017eivanja, razmjene iskustava i stvaranja zajedni\u0161tva koje mijenja \u017eivote.<\/p>\n\n\n\n<p>Ovaj susret je bio prilika za \u017eene sa invaliditetom da se upoznaju s pravima koja im pripadaju, ali i da se oslobode strahova i nesigurnosti koji prate borbu za ostvarivanje tih prava. Sve u\u010desnice imale su priliku postaviti pitanja, podijeliti vlastite izazove i dobiti odgovore koji nisu samo teoretski, nego i konkretni, korisni, prilago\u0111eni njihovim stvarnim potrebama.<\/p>\n\n\n\n<p>Doga\u0111aj je oboga\u0107en neizmjernom podr\u0161kom Centra \u017eenskih prava iz Zenice koji od 1996. godine radi na afirmaciji, promociji i za\u0161titi \u017eenskih ljudskih prava.&nbsp;Kroz tematske blokove, &nbsp;predstavnice Centra \u017eenskih prava detaljno su obradile klju\u010dne teme, me\u0111u kojima su: razli\u010diti oblici nasilja nad \u017eenama i na\u010dini za\u0161tite, prava na li\u010dnu invalidninu, postupci za ostvarivanje prava na banjsko lije\u010denje, te va\u017enost \u017ealbi i pisanih prigovora u borbi za prava. Sve ove teme su \u017eenama prisutnim na edukaciji pru\u017eile konkretne alate i strategije kako da nastave borbu za svoja prava na u\u010dinkovitiji na\u010din.<\/p>\n\n\n\n<div class=\"wp-block-essential-blocks-advanced-image  root-eb-advanced-image-jmpkk\"><div class=\"eb-parent-wrapper eb-parent-eb-advanced-image-jmpkk \"><figure class=\"eb-advanced-image-wrapper eb-advanced-image-jmpkk img-style-rounded caption-style-1 caption-horizontal-center caption-vertical-bottom bottom no-effect\" data-id=\"eb-advanced-image-jmpkk\"><div class=\"image-wrapper\"><img decoding=\"async\" src=\"https:\/\/ona.ba\/wp-content\/uploads\/2025\/11\/572840420_18082691216491674_6734896383034923684_n.jpeg\" alt=\"\"\/><\/div><\/figure><\/div><\/div>\n\n\n\n<p>Jedna od najva\u017enijih poruka koju je edukacija prenijela bila je da \u017eene s invaliditetom nisu same u svojoj borbi. Mre\u017ea \u201e4P\u201c Centra \u017eenskih prava, koja pru\u017ea pravo na podr\u0161ku obu\u010dene pomaga\u010dice za \u017eene \u017ertve nasilja, bila je klju\u010dna tema u razgovorima. Na taj na\u010din \u017eene mogu imati stru\u010dnu pomo\u0107 u pristupu institucijama, uslugama i pravdi \u0161irom BiH. To je poruka koja sna\u017eno odjekuje: <em>\u201eNe morate pro\u0107i kroz birokraciju i nasilje same!\u201c<\/em><\/p>\n\n\n\n<p>U\u010desnice edukacije nisu samo pasivno primale informacije nego su aktivno u\u010destvovale, postavljale pitanja, dijelile vlastita iskustva i stvarale prostor za dijalog i podr\u0161ku. Svaka \u017eena bila je saslu\u0161ana, svaka iskustva su bila priznata, i sve su pokazale nevjerovatnu volju, hrabrost i snagu.<\/p>\n\n\n\n<p><em>&#8220;Osna\u017eene smo, znamo na \u0161to imamo pravo, i znamo kako da se borimo&#8221;<\/em>, bila je poruka kojom su obojeni razgovori u\u010desnica, ali i kroz ozbiljnu i duboku refleksiju o vlastitim iskustvima.<\/p>\n\n\n\n<p>Ova inicijativa bila je samo jedan u nizu koraka prema ja\u010danju polo\u017eaja \u017eena s invaliditetom u BiH. U okviru projekta \u201eJa\u010danje polo\u017eaja \u017eena sa invaliditetom u Bosni i Hercegovini \u2013 smanjenje diskriminacije i nasilja\u201c, koji implementira I.C. Lotos uz podr\u0161ku Kynnys ry, Mre\u017ea \u017eena s invaliditetom Unije BiH nastavlja s radom kako bi stvorila dru\u0161tvo u kojem \u017eene s invaliditetom imaju ista prava i mogu\u0107nosti kao i sve druge \u017eene.<\/p>\n\n\n\n<p>Kroz ovakve inicijative, \u017eene sa invaliditetom nastavljaju \u0161iriti svijest o va\u017enosti me\u0111usobne podr\u0161ke i zajedni\u0161tva me\u0111u \u017eenama, pogotovo onima koje se nalaze u marginalizovanim dru\u0161tvenim grupama.<\/p>\n\n\n\n<div class=\"wp-block-essential-blocks-advanced-image  root-eb-advanced-image-m099f\"><div class=\"eb-parent-wrapper eb-parent-eb-advanced-image-m099f \"><figure class=\"eb-advanced-image-wrapper eb-advanced-image-m099f img-style-rounded caption-style-1 caption-horizontal-center caption-vertical-bottom bottom no-effect\" data-id=\"eb-advanced-image-m099f\"><div class=\"image-wrapper\"><img decoding=\"async\" src=\"https:\/\/ona.ba\/wp-content\/uploads\/2025\/11\/573594173_18082691189491674_4052802760611115998_n.jpeg\" alt=\"\"\/><\/div><\/figure><\/div><\/div>\n\n\n\n<p>Mre\u017ea \u017eena sa invaliditetom kontinuirano vrijedno radi i poziva na akciju, za promjenu. Svaka od \u017eena koja je u\u010destvovala i u na ovom doga\u0111aju, nosi sa sobom promjenu koju je svojim prisustvom i svojim glasom ve\u0107 pokrenula.<\/p>\n\n\n\n<p>\u017dene sa invaliditetom poru\u010duju: <em>\u201eZajedno mo\u017eemo posti\u0107i mnogo, glasnije, vidljivije i sna\u017enije. Jer, promjena po\u010dinje kad se okupimo, saslu\u0161amo i podr\u017eimo. Promjena je mogu\u0107a!\u201c<\/em><\/p>\n\n\n\n<p>Ova pri\u010da nije samo pri\u010da o izazovima s kojima se bore \u017eene sa invaliditetom. Ovo je pri\u010da o svakodnevnoj borbi za ravnopravnost, za budu\u0107nost u kojoj \u0107e \u017eene s invaliditetom biti prepoznate kao sna\u017ene i nezavisne \u010dlanice zajednice, sposobne da ostvaruju svoje snove i mijenjaju svijet oko sebe.<\/p>\n","protected":false},"excerpt":{"rendered":"<p>U Zenici je odr\u017eana edukacija koja je spojila hrabre \u017eene, stru\u010dnjakinje i aktivistkinje, s ciljem da podignu svijest o pravima [&hellip;]<\/p>\n","protected":false},"author":2,"featured_media":1022,"comment_status":"open","ping_status":"open","sticky":false,"template":"","format":"standard","meta":{"_eb_attr":"","site-sidebar-layout":"default","site-content-layout":"","ast-site-content-layout":"","site-content-style":"default","site-sidebar-style":"default","ast-global-header-display":"","ast-banner-title-visibility":"","ast-main-header-display":"","ast-hfb-above-header-display":"","ast-hfb-below-header-display":"","ast-hfb-mobile-header-display":"","site-post-title":"","ast-breadcrumbs-content":"","ast-featured-img":"","footer-sml-layout":"","theme-transparent-header-meta":"","adv-header-id-meta":"","stick-header-meta":"","header-above-stick-meta":"","header-main-stick-meta":"","header-below-stick-meta":"","astra-migrate-meta-layouts":"default","ast-page-background-enabled":"default","ast-page-background-meta":{"desktop":{"background-color":"var(--ast-global-color-5)","background-image":"","background-repeat":"repeat","background-position":"center center","background-size":"auto","background-attachment":"scroll","background-type":"","background-media":"","overlay-type":"","overlay-color":"","overlay-opacity":"","overlay-gradient":""},"tablet":{"background-color":"","background-image":"","background-repeat":"repeat","background-position":"center center","background-size":"auto","background-attachment":"scroll","background-type":"","background-media":"","overlay-type":"","overlay-color":"","overlay-opacity":"","overlay-gradient":""},"mobile":{"background-color":"","background-image":"","background-repeat":"repeat","background-position":"center center","background-size":"auto","background-attachment":"scroll","background-type":"","background-media":"","overlay-type":"","overlay-color":"","overlay-opacity":"","overlay-gradient":""}},"ast-content-background-meta":{"desktop":{"background-color":"var(--ast-global-color-4)","background-image":"","background-repeat":"repeat","background-position":"center center","background-size":"auto","background-attachment":"scroll","background-type":"","background-media":"","overlay-type":"","overlay-color":"","overlay-opacity":"","overlay-gradient":""},"tablet":{"background-color":"var(--ast-global-color-4)","background-image":"","background-repeat":"repeat","background-position":"center center","background-size":"auto","background-attachment":"scroll","background-type":"","background-media":"","overlay-type":"","overlay-color":"","overlay-opacity":"","overlay-gradient":""},"mobile":{"background-color":"var(--ast-global-color-4)","background-image":"","background-repeat":"repeat","background-position":"center center","background-size":"auto","background-attachment":"scroll","background-type":"","background-media":"","overlay-type":"","overlay-color":"","overlay-opacity":"","overlay-gradient":""}},"footnotes":""},"categories":[1],"tags":[],"class_list":["post-1021","post","type-post","status-publish","format-standard","has-post-thumbnail","hentry","category-uncategorized"],"_links":{"self":[{"href":"https:\/\/ona.ba\/index.php\/wp-json\/wp\/v2\/posts\/1021","targetHints":{"allow":["GET"]}}],"collection":[{"href":"https:\/\/ona.ba\/index.php\/wp-json\/wp\/v2\/posts"}],"about":[{"href":"https:\/\/ona.ba\/index.php\/wp-json\/wp\/v2\/types\/post"}],"author":[{"embeddable":true,"href":"https:\/\/ona.ba\/index.php\/wp-json\/wp\/v2\/users\/2"}],"replies":[{"embeddable":true,"href":"https:\/\/ona.ba\/index.php\/wp-json\/wp\/v2\/comments?post=1021"}],"version-history":[{"count":2,"href":"https:\/\/ona.ba\/index.php\/wp-json\/wp\/v2\/posts\/1021\/revisions"}],"predecessor-version":[{"id":1026,"href":"https:\/\/ona.ba\/index.php\/wp-json\/wp\/v2\/posts\/1021\/revisions\/1026"}],"wp:featuredmedia":[{"embeddable":true,"href":"https:\/\/ona.ba\/index.php\/wp-json\/wp\/v2\/media\/1022"}],"wp:attachment":[{"href":"https:\/\/ona.ba\/index.php\/wp-json\/wp\/v2\/media?parent=1021"}],"wp:term":[{"taxonomy":"category","embeddable":true,"href":"https:\/\/ona.ba\/index.php\/wp-json\/wp\/v2\/categories?post=1021"},{"taxonomy":"post_tag","embeddable":true,"href":"https:\/\/ona.ba\/index.php\/wp-json\/wp\/v2\/tags?post=1021"}],"curies":[{"name":"wp","href":"https:\/\/api.w.org\/{rel}","templated":true}]}}